{"id":19153,"date":"2021-01-18T10:44:59","date_gmt":"2021-01-18T13:44:59","guid":{"rendered":"https:\/\/maricatotal.com.br\/site\/?p=19153"},"modified":"2021-02-02T09:58:13","modified_gmt":"2021-02-02T12:58:13","slug":"vacinacao-no-rj-comeca-no-cristo-redentor-nesta-segunda-feira","status":"publish","type":"post","link":"https:\/\/maricatotal.com.br\/site\/2021\/01\/18\/vacinacao-no-rj-comeca-no-cristo-redentor-nesta-segunda-feira\/","title":{"rendered":"Vacina\u00e7\u00e3o no RJ come\u00e7a no Cristo Redentor nesta segunda-feira"},"content":{"rendered":"\n<p>O Governo do Estado do Rio de Janeiro inicia nesta segunda (18), \u00e0s 17h, a vacina\u00e7\u00e3o contra a Covid-19, no Cristo Redentor, em cerim\u00f4nia com presen\u00e7a do governador em exerc\u00edcio Cl\u00e1udio Castro. Cerca de 600 mil doses chegam ao Rio por volta das 13h de hoje, e ser\u00e3o utilizadas para imuniza\u00e7\u00e3o de profissionais da sa\u00fade e idosos acima de 85 anos.<\/p>\n\n\n\n<p>Cl\u00e1udio Castro, disse que os munic\u00edpios que se organizarem poder\u00e3o come\u00e7ar a aplicar a vacina contra a Covid-19 j\u00e1 nesta ter\u00e7a (19), e n\u00e3o na quarta, conforme anunciado pelo ministro da Sa\u00fade, Eduardo Pazuello. 300 mil pessoas ser\u00e3o contempladas nessa primeira fase, que contar\u00e1 com um intervalo de 28 dias entre a primeira e a segunda dose.<\/p>\n\n\n\n<p>Conforme o governados em exerc\u00edcio, a CoronaVac chegar\u00e1 a 450 pontos de vacina\u00e7\u00e3o em at\u00e9 36 horas. As vacinas v\u00eam de S\u00e3o Paulo para o Rio por via terrestre. \u00c0s 13h, Castro espera estar no centro de distribui\u00e7\u00e3o para receb\u00ea-las. Posteriormente ser\u00e1 feita uma separa\u00e7\u00e3o e encaminhamento das doses para todos os munic\u00edpios, que v\u00e3o cuidar das distribui\u00e7\u00f5es dentro das cidades.<\/p>\n\n\n\n<p>Quanto \u00e0s medidas de restri\u00e7\u00e3o, Castro disse que campanhas continuar\u00e3o at\u00e9 o \u00faltimo dia que for necess\u00e1rio. &#8220;Continuamos com todo o trabalho de aumentar leito, de garantir que as pessoas tenham condi\u00e7\u00e3o de ter leito. Hoje, a nossa taxa de ocupa\u00e7\u00e3o do estado est\u00e1, em enfermarias, em torno de 59%, e de CTIs em 68%. O nosso tempo de espera \u00e9 em torno de 16 horas apenas, que \u00e9 um tempo muito razo\u00e1vel. E nosso papel \u00e9 nessas tr\u00eas frentes: garantir a vacina, continuar com as campanhas e tamb\u00e9m com as fiscaliza\u00e7\u00f5es e continuar tendo uma rede totalmente dispon\u00edvel para aqueles que precisam&#8221;, disse.<\/p>\n","protected":false},"excerpt":{"rendered":"<p>O Governo do Estado do Rio de Janeiro inicia nesta segunda (18), \u00e0s 17h, a vacina\u00e7\u00e3o contra a Covid-19, no<\/p>\n","protected":false},"author":1,"featured_media":19154,"comment_status":"open","ping_status":"open","sticky":false,"template":"","format":"standard","meta":{"colormag_page_container_layout":"default_layout","colormag_page_sidebar_layout":"default_layout","footnotes":""},"categories":[14,17],"tags":[],"class_list":["post-19153","post","type-post","status-publish","format-standard","has-post-thumbnail","hentry","category-bairros","category-politica"],"amp_enabled":true,"_links":{"self":[{"href":"https:\/\/maricatotal.com.br\/site\/wp-json\/wp\/v2\/posts\/19153","targetHints":{"allow":["GET"]}}],"collection":[{"href":"https:\/\/maricatotal.com.br\/site\/wp-json\/wp\/v2\/posts"}],"about":[{"href":"https:\/\/maricatotal.com.br\/site\/wp-json\/wp\/v2\/types\/post"}],"author":[{"embeddable":true,"href":"https:\/\/maricatotal.com.br\/site\/wp-json\/wp\/v2\/users\/1"}],"replies":[{"embeddable":true,"href":"https:\/\/maricatotal.com.br\/site\/wp-json\/wp\/v2\/comments?post=19153"}],"version-history":[{"count":2,"href":"https:\/\/maricatotal.com.br\/site\/wp-json\/wp\/v2\/posts\/19153\/revisions"}],"predecessor-version":[{"id":19156,"href":"https:\/\/maricatotal.com.br\/site\/wp-json\/wp\/v2\/posts\/19153\/revisions\/19156"}],"wp:featuredmedia":[{"embeddable":true,"href":"https:\/\/maricatotal.com.br\/site\/wp-json\/wp\/v2\/media\/19154"}],"wp:attachment":[{"href":"https:\/\/maricatotal.com.br\/site\/wp-json\/wp\/v2\/media?parent=19153"}],"wp:term":[{"taxonomy":"category","embeddable":true,"href":"https:\/\/maricatotal.com.br\/site\/wp-json\/wp\/v2\/categories?post=19153"},{"taxonomy":"post_tag","embeddable":true,"href":"https:\/\/maricatotal.com.br\/site\/wp-json\/wp\/v2\/tags?post=19153"}],"curies":[{"name":"wp","href":"https:\/\/api.w.org\/{rel}","templated":true}]}}