{"id":19170,"date":"2021-01-18T12:38:32","date_gmt":"2021-01-18T15:38:32","guid":{"rendered":"https:\/\/maricatotal.com.br\/site\/?p=19170"},"modified":"2021-02-01T20:15:49","modified_gmt":"2021-02-01T23:15:49","slug":"marica-esta-preparada-para-iniciar-vacinacao-contra-covid-19","status":"publish","type":"post","link":"https:\/\/maricatotal.com.br\/site\/2021\/01\/18\/marica-esta-preparada-para-iniciar-vacinacao-contra-covid-19\/","title":{"rendered":"Maric\u00e1 est\u00e1 preparada para iniciar vacina\u00e7\u00e3o contra Covid-19"},"content":{"rendered":"\n<p>A Prefeitura de Maric\u00e1 informou que j\u00e1 est\u00e1 preparada para iniciar vacina\u00e7\u00e3o contra a Covid-19 no munic\u00edpio. Primeiramente, idosos acima de 75 anos, os que vivem em institui\u00e7\u00f5es de longa perman\u00eancia, profissionais da sa\u00fade e ind\u00edgenas ser\u00e3o prioridade. <\/p>\n\n\n\n<p>A Secretaria Municipal de Sa\u00fade j\u00e1 est\u00e1 preparada desde dezembro, com agulhas e seringas suficientes para realizar a primeira etapa.<\/p>\n\n\n\n<p>\u201cO Munic\u00edpio j\u00e1 tem todo planejamento realizado como a compra de seringas e agulhas, mesmo com a resposta que o Estado entregar\u00e1 nesta segunda-feira (18\/01) a gente j\u00e1 tem uma margem de seguran\u00e7a, at\u00e9 por conta das outras fases, que ser\u00e3o quatro. Todas as unidades b\u00e1sicas de sa\u00fade j\u00e1 est\u00e3o capacitadas para realizarem, a partir da libera\u00e7\u00e3o do Estado, os dois tipos de vacinas: Coronavac e AstraZeneca\u201d, informou Simone Costa, secret\u00e1ria de Sa\u00fade.<\/p>\n\n\n\n<p>Nesta etapa, ser\u00e3o vacinadas cerca de 45.965 pessoas, dependendo da quantidade de doses enviadas pela Secretaria de Sa\u00fade do Estado. <\/p>\n","protected":false},"excerpt":{"rendered":"<p>A Prefeitura de Maric\u00e1 informou que j\u00e1 est\u00e1 preparada para iniciar vacina\u00e7\u00e3o contra a Covid-19 no munic\u00edpio. Primeiramente, idosos acima<\/p>\n","protected":false},"author":1,"featured_media":19171,"comment_status":"open","ping_status":"open","sticky":false,"template":"","format":"standard","meta":{"colormag_page_container_layout":"default_layout","colormag_page_sidebar_layout":"default_layout","footnotes":""},"categories":[17],"tags":[],"class_list":["post-19170","post","type-post","status-publish","format-standard","has-post-thumbnail","hentry","category-politica"],"amp_enabled":true,"_links":{"self":[{"href":"https:\/\/maricatotal.com.br\/site\/wp-json\/wp\/v2\/posts\/19170","targetHints":{"allow":["GET"]}}],"collection":[{"href":"https:\/\/maricatotal.com.br\/site\/wp-json\/wp\/v2\/posts"}],"about":[{"href":"https:\/\/maricatotal.com.br\/site\/wp-json\/wp\/v2\/types\/post"}],"author":[{"embeddable":true,"href":"https:\/\/maricatotal.com.br\/site\/wp-json\/wp\/v2\/users\/1"}],"replies":[{"embeddable":true,"href":"https:\/\/maricatotal.com.br\/site\/wp-json\/wp\/v2\/comments?post=19170"}],"version-history":[{"count":1,"href":"https:\/\/maricatotal.com.br\/site\/wp-json\/wp\/v2\/posts\/19170\/revisions"}],"predecessor-version":[{"id":19172,"href":"https:\/\/maricatotal.com.br\/site\/wp-json\/wp\/v2\/posts\/19170\/revisions\/19172"}],"wp:featuredmedia":[{"embeddable":true,"href":"https:\/\/maricatotal.com.br\/site\/wp-json\/wp\/v2\/media\/19171"}],"wp:attachment":[{"href":"https:\/\/maricatotal.com.br\/site\/wp-json\/wp\/v2\/media?parent=19170"}],"wp:term":[{"taxonomy":"category","embeddable":true,"href":"https:\/\/maricatotal.com.br\/site\/wp-json\/wp\/v2\/categories?post=19170"},{"taxonomy":"post_tag","embeddable":true,"href":"https:\/\/maricatotal.com.br\/site\/wp-json\/wp\/v2\/tags?post=19170"}],"curies":[{"name":"wp","href":"https:\/\/api.w.org\/{rel}","templated":true}]}}