{"id":19242,"date":"2021-01-19T15:00:36","date_gmt":"2021-01-19T18:00:36","guid":{"rendered":"https:\/\/maricatotal.com.br\/site\/?p=19242"},"modified":"2021-02-01T20:18:19","modified_gmt":"2021-02-01T23:18:19","slug":"tecnica-de-enfermagem-e-a-primeira-pessoa-a-receber-vacina-contra-a-covid-em-marica","status":"publish","type":"post","link":"https:\/\/maricatotal.com.br\/site\/2021\/01\/19\/tecnica-de-enfermagem-e-a-primeira-pessoa-a-receber-vacina-contra-a-covid-em-marica\/","title":{"rendered":"T\u00e9cnica de enfermagem \u00e9 a primeira pessoa a receber vacina contra a Covid em Maric\u00e1"},"content":{"rendered":"\n<p>Em um ato simb\u00f3lico realizado na tarde desta ter\u00e7a-feira (19) no Hospital Municipal Dr. Ernesto Che Guevara, a Prefeitura de Maric\u00e1, atrav\u00e9s da Secretaria Municipal de Sa\u00fade, aplicou as primeiras vacinas contra a Covid-19.<\/p>\n\n\n\n<p>A T\u00e9cnica de Enfermagem do Hospital Municipal Conde Modesto Leal, Lenilza Ferreira da Silva, de 64 anos, recebeu a primeira dose da vacina, entrando para hist\u00f3ria. <\/p>\n\n\n\n<p>&#8221;A chegada da vacina \u00e9 uma esperan\u00e7a, porque \u00e9 muito triste ver quem a gente ama morrer, sem poder fazer nada. Hoje meu cora\u00e7\u00e3o est\u00e1 feliz&#8221;, concluiu Lenilza. <\/p>\n\n\n\n<p>Roselene Ruiz, T\u00e9cnica de Enfermagem do Hospital Che Guevara, Sthefano Jos\u00e9 Gomes Pereira, M\u00e9dico Cirurgi\u00e3o Tor\u00e1cico do Hospital Che Guevara, Ilda Maria Freitas Gon\u00e7alves, T\u00e9cnica de Enfermagem do Conde Modesto Leal, Cl\u00e1udia Rodrigues, Bi\u00f3loga respons\u00e1vel pelas an\u00e1lises laboratoriais da Covid, Luis Carlos Artus, M\u00e9dico do Hospital Conde Modesto Leal e Marcelo Cosa Velho Mendes de Azevedo, M\u00e9dico, Coordenador da Rede de Urg\u00eancia e Emerg\u00eancia SMS Maric\u00e1 &#8211; Virologista, Imunologista e Mestre em Doen\u00e7as Infecciosas tamb\u00e9m foram vacinados na cerim\u00f4nia. <\/p>\n\n\n\n<p>A secret\u00e1ria de Sa\u00fade, Simone Costa, esteve presente e refor\u00e7ou a import\u00e2ncia desta nova etapa que a Sa\u00fade est\u00e1 vivendo com a vacina contra o novo coronav\u00edrus. Inicialmente, a Coronavac ser\u00e1 disponibilizada em grande parte para os profissionais da sa\u00fade. <\/p>\n\n\n\n<p>O vice-prefeito de Maric\u00e1, Diego Zeidan (PT), saudou todos os profissionais da sa\u00fade que trabalham incansavelmente nesta pandemia e comemorou a chegada das vacinas no munic\u00edpio. <\/p>\n","protected":false},"excerpt":{"rendered":"<p>Em um ato simb\u00f3lico realizado na tarde desta ter\u00e7a-feira (19) no Hospital Municipal Dr. Ernesto Che Guevara, a Prefeitura de<\/p>\n","protected":false},"author":1,"featured_media":19243,"comment_status":"open","ping_status":"open","sticky":false,"template":"","format":"standard","meta":{"colormag_page_container_layout":"default_layout","colormag_page_sidebar_layout":"default_layout","footnotes":""},"categories":[18,17],"tags":[],"class_list":["post-19242","post","type-post","status-publish","format-standard","has-post-thumbnail","hentry","category-entretenimento","category-politica"],"amp_enabled":true,"_links":{"self":[{"href":"https:\/\/maricatotal.com.br\/site\/wp-json\/wp\/v2\/posts\/19242","targetHints":{"allow":["GET"]}}],"collection":[{"href":"https:\/\/maricatotal.com.br\/site\/wp-json\/wp\/v2\/posts"}],"about":[{"href":"https:\/\/maricatotal.com.br\/site\/wp-json\/wp\/v2\/types\/post"}],"author":[{"embeddable":true,"href":"https:\/\/maricatotal.com.br\/site\/wp-json\/wp\/v2\/users\/1"}],"replies":[{"embeddable":true,"href":"https:\/\/maricatotal.com.br\/site\/wp-json\/wp\/v2\/comments?post=19242"}],"version-history":[{"count":2,"href":"https:\/\/maricatotal.com.br\/site\/wp-json\/wp\/v2\/posts\/19242\/revisions"}],"predecessor-version":[{"id":19246,"href":"https:\/\/maricatotal.com.br\/site\/wp-json\/wp\/v2\/posts\/19242\/revisions\/19246"}],"wp:featuredmedia":[{"embeddable":true,"href":"https:\/\/maricatotal.com.br\/site\/wp-json\/wp\/v2\/media\/19243"}],"wp:attachment":[{"href":"https:\/\/maricatotal.com.br\/site\/wp-json\/wp\/v2\/media?parent=19242"}],"wp:term":[{"taxonomy":"category","embeddable":true,"href":"https:\/\/maricatotal.com.br\/site\/wp-json\/wp\/v2\/categories?post=19242"},{"taxonomy":"post_tag","embeddable":true,"href":"https:\/\/maricatotal.com.br\/site\/wp-json\/wp\/v2\/tags?post=19242"}],"curies":[{"name":"wp","href":"https:\/\/api.w.org\/{rel}","templated":true}]}}