{"id":19949,"date":"2021-02-04T10:23:01","date_gmt":"2021-02-04T13:23:01","guid":{"rendered":"https:\/\/maricatotal.com.br\/site\/?p=19949"},"modified":"2021-02-28T00:51:10","modified_gmt":"2021-02-28T03:51:10","slug":"praca-agroecologica-de-marica-desperta-interesse-de-municipios-vizinhos","status":"publish","type":"post","link":"https:\/\/maricatotal.com.br\/site\/2021\/02\/04\/praca-agroecologica-de-marica-desperta-interesse-de-municipios-vizinhos\/","title":{"rendered":"Pra\u00e7a agroecol\u00f3gica de Maric\u00e1 desperta interesse de munic\u00edpios vizinhos"},"content":{"rendered":"\n<p>Depois de um integrante da Prefeitura de Par\u00e1 de Minas (MG), nesta quarta-feira (03\/02) foi a vez de um membro do governo da vizinha Itabora\u00ed conhecer a pra\u00e7a agroecol\u00f3gica de Maric\u00e1, que fica em Ara\u00e7atiba. O secret\u00e1rio de Agricultura daquele munic\u00edpio, Ab\u00edlio Pereira, visitou o local em companhia do secret\u00e1rio de Agricultura, Pesca e Pecu\u00e1ria de Maric\u00e1, Julio Carolino. Antes disso, Ab\u00edlio foi recebido na sede da secretaria, em Ubatiba, onde conheceu a nova usina de produtos desidratados, que dever\u00e1 entrar em opera\u00e7\u00e3o at\u00e9 mar\u00e7o.<\/p>\n\n\n\n<p>Os dois secret\u00e1rios falaram tamb\u00e9m sobre parcerias em alguns projetos, e Ab\u00edlio Ferreira afirmou que leva para sua cidade as melhores impress\u00f5es do que viu.<\/p>\n\n\n\n<p>\u201cEm nenhuma outra cidade do estado existe um local com esta usina de desidratados, e esta pra\u00e7a tamb\u00e9m \u00e9 diferente de tudo que existe por a\u00ed. Queremos levar esse modelo para nosso munic\u00edpio, que sempre teve uma forte produ\u00e7\u00e3o rural e precisa recuperar esse status. Al\u00e9m disso, existe uma demanda junto \u00e0 popula\u00e7\u00e3o de ter produtos mais pr\u00f3ximos da \u00e1rea urbana, por isso o projeto da pra\u00e7a nos atende\u201d, avaliou o secret\u00e1rio.<\/p>\n\n\n\n<p>Julio Carolino sinalizou que uma das poss\u00edveis parcerias entre as cidades ser\u00e1 um interc\u00e2mbio de produtos, e afirmou que esta foi a primeira de muitas visitas do colega a Maric\u00e1. \u201cComo j\u00e1 disse antes, eu fiz a mesma coisa que ele quatro anos atr\u00e1s e fui conhecer projetos de outras cidades. Creio que ser\u00e1 Itabora\u00ed quem vai receber visitas em pouco tempo. Temos muitas informa\u00e7\u00f5es para trocar ainda\u201d, sugeriu ele, lembrando ainda que outras pra\u00e7as como a de Ara\u00e7atiba ser\u00e3o criadas.<\/p>\n\n\n\n<p>Na \u00faltima semana de janeiro, o secret\u00e1rio de Agroneg\u00f3cio, Desenvolvimento Rural e Meio Ambiente de Par\u00e1 de Minas, Jos\u00e9 Hermano Franco, passou tr\u00eas dias em Maric\u00e1 conhecendo os projetos locais no setor. Al\u00e9m da pra\u00e7a agroecol\u00f3gica de Ara\u00e7atiba e da usina de desidratados, ele visitou tamb\u00e9m a Fazenda Ibiaci, no Vale da Figueira.<\/p>\n\n\n\n<p>\u201cAs pra\u00e7as criam uma cultura onde o pertencimento \u00e9 maior entre os cidad\u00e3os. Eles com certeza passam a cuidar e preservar uma coisa que, no fundo, pertence a todos\u201d, afirmou o secret\u00e1rio mineiro na ocasi\u00e3o.<\/p>\n","protected":false},"excerpt":{"rendered":"<p>Depois de um integrante da Prefeitura de Par\u00e1 de Minas (MG), nesta quarta-feira (03\/02) foi a vez de um membro<\/p>\n","protected":false},"author":1,"featured_media":19950,"comment_status":"open","ping_status":"open","sticky":false,"template":"","format":"standard","meta":{"colormag_page_container_layout":"default_layout","colormag_page_sidebar_layout":"default_layout","footnotes":""},"categories":[18],"tags":[],"class_list":["post-19949","post","type-post","status-publish","format-standard","has-post-thumbnail","hentry","category-entretenimento"],"amp_enabled":true,"_links":{"self":[{"href":"https:\/\/maricatotal.com.br\/site\/wp-json\/wp\/v2\/posts\/19949","targetHints":{"allow":["GET"]}}],"collection":[{"href":"https:\/\/maricatotal.com.br\/site\/wp-json\/wp\/v2\/posts"}],"about":[{"href":"https:\/\/maricatotal.com.br\/site\/wp-json\/wp\/v2\/types\/post"}],"author":[{"embeddable":true,"href":"https:\/\/maricatotal.com.br\/site\/wp-json\/wp\/v2\/users\/1"}],"replies":[{"embeddable":true,"href":"https:\/\/maricatotal.com.br\/site\/wp-json\/wp\/v2\/comments?post=19949"}],"version-history":[{"count":1,"href":"https:\/\/maricatotal.com.br\/site\/wp-json\/wp\/v2\/posts\/19949\/revisions"}],"predecessor-version":[{"id":19951,"href":"https:\/\/maricatotal.com.br\/site\/wp-json\/wp\/v2\/posts\/19949\/revisions\/19951"}],"wp:featuredmedia":[{"embeddable":true,"href":"https:\/\/maricatotal.com.br\/site\/wp-json\/wp\/v2\/media\/19950"}],"wp:attachment":[{"href":"https:\/\/maricatotal.com.br\/site\/wp-json\/wp\/v2\/media?parent=19949"}],"wp:term":[{"taxonomy":"category","embeddable":true,"href":"https:\/\/maricatotal.com.br\/site\/wp-json\/wp\/v2\/categories?post=19949"},{"taxonomy":"post_tag","embeddable":true,"href":"https:\/\/maricatotal.com.br\/site\/wp-json\/wp\/v2\/tags?post=19949"}],"curies":[{"name":"wp","href":"https:\/\/api.w.org\/{rel}","templated":true}]}}