{"id":20120,"date":"2021-02-08T18:05:45","date_gmt":"2021-02-08T21:05:45","guid":{"rendered":"https:\/\/maricatotal.com.br\/site\/?p=20120"},"modified":"2021-02-28T09:30:07","modified_gmt":"2021-02-28T12:30:07","slug":"pacientes-de-covid-19-em-recuperacao-tem-atendimento-domiciliar-em-marica","status":"publish","type":"post","link":"https:\/\/maricatotal.com.br\/site\/2021\/02\/08\/pacientes-de-covid-19-em-recuperacao-tem-atendimento-domiciliar-em-marica\/","title":{"rendered":"Pacientes de Covid-19 em recupera\u00e7\u00e3o t\u00eam atendimento domiciliar em Maric\u00e1"},"content":{"rendered":"\n<p>Funcionando desde 2016, o Servi\u00e7o de Aten\u00e7\u00e3o Domiciliar do programa Melhor em Casa, da Secretaria de Sa\u00fade de Maric\u00e1, passou a atender tamb\u00e9m pacientes da &nbsp;Covid-19 em recupera\u00e7\u00e3o. A equipe composta por oito profissionais tra\u00e7a um plano terap\u00eautico de acordo com cada caso. A maioria se refere a pessoas acamadas e sem locomo\u00e7\u00e3o, que recebem o grupo uma vez por semana. A ideia \u00e9 promover a desospitaliza\u00e7\u00e3o de pacientes que tiverem condi\u00e7\u00f5es de ir para casa.<\/p>\n\n\n\n<p>Um desses atendidos, o carteiro Ocimar Monteiro da Silva, o Russo, de 55 anos, recebeu alta de seu tratamento nesta segunda-feira (08\/2) e contou como foram os nove meses recebendo em sua casa, no Parque Nanci, a equipe composta por oito profissionais que o ajudaram a se reerguer ap\u00f3s 32 dias de interna\u00e7\u00e3o. Ele chegou a ter 92% dos pulm\u00f5es comprometidos enquanto esteve no Hospital Municipal Dr. Ernesto Che Guevara e agora j\u00e1 planeja o retorno ao trabalho.<\/p>\n\n\n\n<p>\u201cEu sou um milagre, nem esperava estar aqui!\u201d, afirmou o servidor p\u00fablico, ao resumir o resultado do trabalho da equipe. \u201cEu mesmo n\u00e3o acreditava porque perdi 36 quilos, mal conseguia falar e n\u00e3o segurava nem um copo de \u00e1gua. Ainda tenho algumas sequelas e dores, mas perto de como estava posso dizer que sou um novo homem. O trabalho deles \u00e9 muito eficaz e voc\u00ea v\u00ea as coisas mudarem. S\u00f3 tenho a agradecer a esta equipe pelo cuidado, companheirismo e carinho comigo e com a minha fam\u00edlia, da qual hoje todos fazem parte\u201d, ressaltou Ocimar.<\/p>\n\n\n\n<p>A esposa tamb\u00e9m deu seu testemunho sobre a forma como o servi\u00e7o ajudou a recuperar o companheiro, com quem est\u00e1 casada h\u00e1 32 anos e tem dois filhos e tr\u00eas netos. \u201cEle veio para casa muito debilitado. Tudo era dif\u00edcil, dos movimentos \u00e0s necessidades fisiol\u00f3gicas, mas ele tinha de reagir. Pude ver a perseveran\u00e7a desse grupo maravilhoso que, muitas vezes, atendeu a mim nas horas de cansa\u00e7o. O melhor \u00e9 que eles t\u00eam amor pelo que fazem\u201d, observou F\u00e1tima Cristina Guimar\u00e3es da Silva, tamb\u00e9m de 55 anos.<\/p>\n\n\n\n<p>De acordo com o coordenador do Servi\u00e7o de Aten\u00e7\u00e3o Domiciliar, Anderson Rodrigues, atualmente 62 pacientes \u2013 dos quais seis se recuperam da Covid \u2013 s\u00e3o atendidos por duas equipes que incluem m\u00e9dicos, enfermeiros, assistentes sociais, fisioterapeutas, fonoaudi\u00f3logos, dentistas, nutricionistas e psic\u00f3logos, que recebem autoriza\u00e7\u00e3o por escrito das fam\u00edlias para cuidar de cada um deles.<\/p>\n\n\n\n<p>\u201cS\u00e3o pacientes de m\u00e9dia e alta complexidade. Quando s\u00e3o avaliados para esse atendimento, montamos um mini-hospital em casa. Fazemos o acolhimento de toda a fam\u00edlia com suporte cl\u00ednico e emocional, pois geralmente est\u00e3o todos envolvidos e abalados por causa daquele parente, cuja autoestima muitas vezes est\u00e1 prejudicada. \u00c9 sempre uma satisfa\u00e7\u00e3o ver resultados como o de Ocimar, que j\u00e1 est\u00e1 at\u00e9 retornando ao trabalho\u201d, celebrou o enfermeiro, lembrando que o programa quer chegar a 80 pacientes atendidos, todos moradores da cidade.<\/p>\n","protected":false},"excerpt":{"rendered":"<p>Funcionando desde 2016, o Servi\u00e7o de Aten\u00e7\u00e3o Domiciliar do programa Melhor em Casa, da Secretaria de Sa\u00fade de Maric\u00e1, passou<\/p>\n","protected":false},"author":1,"featured_media":20121,"comment_status":"open","ping_status":"open","sticky":false,"template":"","format":"standard","meta":{"colormag_page_container_layout":"default_layout","colormag_page_sidebar_layout":"default_layout","footnotes":""},"categories":[14,18],"tags":[],"class_list":["post-20120","post","type-post","status-publish","format-standard","has-post-thumbnail","hentry","category-bairros","category-entretenimento"],"amp_enabled":true,"_links":{"self":[{"href":"https:\/\/maricatotal.com.br\/site\/wp-json\/wp\/v2\/posts\/20120","targetHints":{"allow":["GET"]}}],"collection":[{"href":"https:\/\/maricatotal.com.br\/site\/wp-json\/wp\/v2\/posts"}],"about":[{"href":"https:\/\/maricatotal.com.br\/site\/wp-json\/wp\/v2\/types\/post"}],"author":[{"embeddable":true,"href":"https:\/\/maricatotal.com.br\/site\/wp-json\/wp\/v2\/users\/1"}],"replies":[{"embeddable":true,"href":"https:\/\/maricatotal.com.br\/site\/wp-json\/wp\/v2\/comments?post=20120"}],"version-history":[{"count":1,"href":"https:\/\/maricatotal.com.br\/site\/wp-json\/wp\/v2\/posts\/20120\/revisions"}],"predecessor-version":[{"id":20122,"href":"https:\/\/maricatotal.com.br\/site\/wp-json\/wp\/v2\/posts\/20120\/revisions\/20122"}],"wp:featuredmedia":[{"embeddable":true,"href":"https:\/\/maricatotal.com.br\/site\/wp-json\/wp\/v2\/media\/20121"}],"wp:attachment":[{"href":"https:\/\/maricatotal.com.br\/site\/wp-json\/wp\/v2\/media?parent=20120"}],"wp:term":[{"taxonomy":"category","embeddable":true,"href":"https:\/\/maricatotal.com.br\/site\/wp-json\/wp\/v2\/categories?post=20120"},{"taxonomy":"post_tag","embeddable":true,"href":"https:\/\/maricatotal.com.br\/site\/wp-json\/wp\/v2\/tags?post=20120"}],"curies":[{"name":"wp","href":"https:\/\/api.w.org\/{rel}","templated":true}]}}