{"id":20198,"date":"2021-02-10T07:04:45","date_gmt":"2021-02-10T10:04:45","guid":{"rendered":"https:\/\/maricatotal.com.br\/site\/?p=20198"},"modified":"2021-02-28T09:28:16","modified_gmt":"2021-02-28T12:28:16","slug":"modelo-nacional-sede-da-defesa-civil-de-marica-recebe-pesquisadores-do-cemaden","status":"publish","type":"post","link":"https:\/\/maricatotal.com.br\/site\/2021\/02\/10\/modelo-nacional-sede-da-defesa-civil-de-marica-recebe-pesquisadores-do-cemaden\/","title":{"rendered":"Modelo nacional: sede da Defesa Civil de Maric\u00e1 recebe pesquisadores do Cemaden"},"content":{"rendered":"\n<p>A Prefeitura de Maric\u00e1 recebeu&nbsp;nesta ter\u00e7a-feira, 09\/02), na sede da Secretaria de Prote\u00e7\u00e3o e Defesa Civil, representantes do Centro Nacional de Monitoramento e Alertas de Desastres Naturais (Cemaden). Os pesquisadores vieram at\u00e9 o munic\u00edpio para coletar experi\u00eancias de sucesso em atua\u00e7\u00e3o da Defesa Civil de Maric\u00e1.<\/p>\n\n\n\n<p>De acordo com Alice Gambardella, pesquisadora do Cemaden, a visita ao munic\u00edpio \u00e9 o ponto de partida do projeto Elos, que pretende validar instrumentos e coletar experi\u00eancias de sucesso em defesas civis brasileiras.<\/p>\n\n\n\n<p>\u201cMaric\u00e1 \u00e9 um munic\u00edpio que j\u00e1 vinha apresentando bons resultados, uma qualifica\u00e7\u00e3o diferenciada, e por isso n\u00e3o teve como vir aqui ver de perto como tudo funciona, ent\u00e3o viemos registrar os procedimentos. O que mais me chamou aten\u00e7\u00e3o foi a capacidade t\u00e9cnica e metodol\u00f3gica que os profissionais realizam, desde o planejamento at\u00e9 a execu\u00e7\u00e3o bem sucedida das a\u00e7\u00f5es\u201d, comentou a pesquisadora.<\/p>\n\n\n\n<p>Profissionais t\u00e9cnicos da pasta apresentaram aos representantes do \u00f3rg\u00e3o vinculado ao Minist\u00e9rio da Ci\u00eancia, Tecnologia, Inova\u00e7\u00f5es e Comunica\u00e7\u00f5es, o \u201cmodus operanti\u201d no combate e na preven\u00e7\u00e3o \u00e0s adversidades que a secretaria lida diariamente. Os pesquisadores tiveram acesso a an\u00e1lise de dados, pareceres t\u00e9cnicos e aos principais desafios das \u00e1reas de engenharia, meteorologia, hidrologia, geologia e geotecnia da Defesa Civil de Maric\u00e1. Alguns exemplos foram citados, como o de um estudo pr\u00e9vio sobre riscos de deslizamento de um bloco rochoso que poderia se desprender da Pedra de Ino\u00e3, a an\u00e1lise que recomendou a implanta\u00e7\u00e3o de pranchas met\u00e1licas para a estabiliza\u00e7\u00e3o da orla em Itaipua\u00e7u e o mapeamento de todos os poss\u00edveis pontos de alagamento no munic\u00edpio em caso de ocorr\u00eancia de chuvas fortes.<\/p>\n\n\n\n<p>\u201cPara Maric\u00e1 \u00e9 a percep\u00e7\u00e3o da import\u00e2ncia de que as nossas pol\u00edticas p\u00fablicas s\u00e3o extramuros, j\u00e1 que somos exemplo nacional. A visita reafirma a import\u00e2ncia do munic\u00edpio e os pesquisadores pretendem elaborar um diagn\u00f3stico da Defesa Civil de Maric\u00e1, e fazer com que sirva de estudo de caso para outras defesas civis\u201d, explicou o coordenador t\u00e9cnico da pasta, o major Wellington Silva.<\/p>\n","protected":false},"excerpt":{"rendered":"<p>A Prefeitura de Maric\u00e1 recebeu&nbsp;nesta ter\u00e7a-feira, 09\/02), na sede da Secretaria de Prote\u00e7\u00e3o e Defesa Civil, representantes do Centro Nacional<\/p>\n","protected":false},"author":1,"featured_media":20199,"comment_status":"open","ping_status":"open","sticky":false,"template":"","format":"standard","meta":{"colormag_page_container_layout":"default_layout","colormag_page_sidebar_layout":"default_layout","footnotes":""},"categories":[18],"tags":[],"class_list":["post-20198","post","type-post","status-publish","format-standard","has-post-thumbnail","hentry","category-entretenimento"],"amp_enabled":true,"_links":{"self":[{"href":"https:\/\/maricatotal.com.br\/site\/wp-json\/wp\/v2\/posts\/20198","targetHints":{"allow":["GET"]}}],"collection":[{"href":"https:\/\/maricatotal.com.br\/site\/wp-json\/wp\/v2\/posts"}],"about":[{"href":"https:\/\/maricatotal.com.br\/site\/wp-json\/wp\/v2\/types\/post"}],"author":[{"embeddable":true,"href":"https:\/\/maricatotal.com.br\/site\/wp-json\/wp\/v2\/users\/1"}],"replies":[{"embeddable":true,"href":"https:\/\/maricatotal.com.br\/site\/wp-json\/wp\/v2\/comments?post=20198"}],"version-history":[{"count":1,"href":"https:\/\/maricatotal.com.br\/site\/wp-json\/wp\/v2\/posts\/20198\/revisions"}],"predecessor-version":[{"id":20200,"href":"https:\/\/maricatotal.com.br\/site\/wp-json\/wp\/v2\/posts\/20198\/revisions\/20200"}],"wp:featuredmedia":[{"embeddable":true,"href":"https:\/\/maricatotal.com.br\/site\/wp-json\/wp\/v2\/media\/20199"}],"wp:attachment":[{"href":"https:\/\/maricatotal.com.br\/site\/wp-json\/wp\/v2\/media?parent=20198"}],"wp:term":[{"taxonomy":"category","embeddable":true,"href":"https:\/\/maricatotal.com.br\/site\/wp-json\/wp\/v2\/categories?post=20198"},{"taxonomy":"post_tag","embeddable":true,"href":"https:\/\/maricatotal.com.br\/site\/wp-json\/wp\/v2\/tags?post=20198"}],"curies":[{"name":"wp","href":"https:\/\/api.w.org\/{rel}","templated":true}]}}