{"id":20201,"date":"2021-02-10T08:53:22","date_gmt":"2021-02-10T11:53:22","guid":{"rendered":"https:\/\/maricatotal.com.br\/site\/?p=20201"},"modified":"2021-02-28T09:28:47","modified_gmt":"2021-02-28T12:28:47","slug":"bicicletas-vermelhinhas-disponiveis-a-partir-do-dia-22-em-marica","status":"publish","type":"post","link":"https:\/\/maricatotal.com.br\/site\/2021\/02\/10\/bicicletas-vermelhinhas-disponiveis-a-partir-do-dia-22-em-marica\/","title":{"rendered":"Bicicletas &#8216;Vermelhinhas&#8217; dispon\u00edveis a partir do dia 22 em Maric\u00e1"},"content":{"rendered":"\n<p>As bicicletas &#8216;Vermelhinhas&#8217; da Empresa P\u00fablica de Transportes (EPT) de Maric\u00e1 ser\u00e3o disponibilizadas para a popula\u00e7\u00e3o a partir do dia 22 de fevereiro.<\/p>\n\n\n\n<p>Segundo a EPT, as &#8216;Vermelhinhas&#8217;  come\u00e7ar\u00e3o a circular em duas fases sendo a primeira em fevereiro e a segunda em mar\u00e7o. Alguns biciclet\u00e1rios, que ser\u00e3o as esta\u00e7\u00f5es das bicicletas, j\u00e1 come\u00e7aram a ser expostos nesta quinta-feira, 10, na altura da Ponte da Mumbuca.<\/p>\n\n\n\n<p>O servi\u00e7o funcionar\u00e1 das 06h \u00e0s 22h para retirada das bicicletas, e ficar\u00e1 dispon\u00edvel 24 horas por dia para devolu\u00e7\u00e3o nos pontos estabelecidos. De segunda \u00e0 sexta-feira, o usu\u00e1rio poder\u00e1 ficar com a bicicleta por 60 minutos entre intervalos de 15 minutos para iniciar um novo per\u00edodo de 60 minutos. Aos finais de semana e feriados, o prazo para utiliza\u00e7\u00e3o \u00e9 ampliado para 120 minutos e intervalos de 15 minutos para renovar por mais 120 minutos.&nbsp;<\/p>\n","protected":false},"excerpt":{"rendered":"<p>As bicicletas &#8216;Vermelhinhas&#8217; da Empresa P\u00fablica de Transportes (EPT) de Maric\u00e1 ser\u00e3o disponibilizadas para a popula\u00e7\u00e3o a partir do dia<\/p>\n","protected":false},"author":1,"featured_media":20202,"comment_status":"open","ping_status":"open","sticky":false,"template":"","format":"standard","meta":{"colormag_page_container_layout":"default_layout","colormag_page_sidebar_layout":"default_layout","footnotes":""},"categories":[14],"tags":[],"class_list":["post-20201","post","type-post","status-publish","format-standard","has-post-thumbnail","hentry","category-bairros"],"amp_enabled":true,"_links":{"self":[{"href":"https:\/\/maricatotal.com.br\/site\/wp-json\/wp\/v2\/posts\/20201","targetHints":{"allow":["GET"]}}],"collection":[{"href":"https:\/\/maricatotal.com.br\/site\/wp-json\/wp\/v2\/posts"}],"about":[{"href":"https:\/\/maricatotal.com.br\/site\/wp-json\/wp\/v2\/types\/post"}],"author":[{"embeddable":true,"href":"https:\/\/maricatotal.com.br\/site\/wp-json\/wp\/v2\/users\/1"}],"replies":[{"embeddable":true,"href":"https:\/\/maricatotal.com.br\/site\/wp-json\/wp\/v2\/comments?post=20201"}],"version-history":[{"count":2,"href":"https:\/\/maricatotal.com.br\/site\/wp-json\/wp\/v2\/posts\/20201\/revisions"}],"predecessor-version":[{"id":20204,"href":"https:\/\/maricatotal.com.br\/site\/wp-json\/wp\/v2\/posts\/20201\/revisions\/20204"}],"wp:featuredmedia":[{"embeddable":true,"href":"https:\/\/maricatotal.com.br\/site\/wp-json\/wp\/v2\/media\/20202"}],"wp:attachment":[{"href":"https:\/\/maricatotal.com.br\/site\/wp-json\/wp\/v2\/media?parent=20201"}],"wp:term":[{"taxonomy":"category","embeddable":true,"href":"https:\/\/maricatotal.com.br\/site\/wp-json\/wp\/v2\/categories?post=20201"},{"taxonomy":"post_tag","embeddable":true,"href":"https:\/\/maricatotal.com.br\/site\/wp-json\/wp\/v2\/tags?post=20201"}],"curies":[{"name":"wp","href":"https:\/\/api.w.org\/{rel}","templated":true}]}}