{"id":20454,"date":"2021-02-17T07:54:08","date_gmt":"2021-02-17T10:54:08","guid":{"rendered":"https:\/\/maricatotal.com.br\/site\/?p=20454"},"modified":"2021-02-28T01:13:29","modified_gmt":"2021-02-28T04:13:29","slug":"prefeitura-de-marica-divulga-balanco-de-atividades-durante-periodo-de-carnaval","status":"publish","type":"post","link":"https:\/\/maricatotal.com.br\/site\/2021\/02\/17\/prefeitura-de-marica-divulga-balanco-de-atividades-durante-periodo-de-carnaval\/","title":{"rendered":"Prefeitura de Maric\u00e1 divulga balan\u00e7o de atividades durante per\u00edodo de carnaval"},"content":{"rendered":"\n<p>Mais de mil pessoas foram orientadas quanto a medidas de combate \u00e0 Covid-19. Este n\u00famero faz parte dos dados consolidados divulgados pela Secretaria de Ordem P\u00fablica e Gabinete Institucional, do per\u00edodo do dia 12 at\u00e9&nbsp; segunda-feira, 15\/02. A atua\u00e7\u00e3o do \u00f3rg\u00e3o, juntamente com a Coordenadoria de Posturas, faz parte da for\u00e7a-tarefa organizada pela Prefeitura de Maric\u00e1, que visa garantir o cumprimento do decreto municipal que pro\u00edbe festas e aglomera\u00e7\u00f5es durante o per\u00edodo de carnaval em raz\u00e3o da pandemia da Covid-19.<\/p>\n\n\n\n<p>De acordo com os dados, ao todo foram empenhadas nesses quatro dias: 19 viaturas (9 viaturas da Guarda-Municipal, 8 Proeis e 2&nbsp; viaturas Seop) e 488 agentes (6 agentes da PM, 324 Proeis, 27 Seop e 131 guardas-municipais). Al\u00e9m deste n\u00famero, 254 notifica\u00e7\u00f5es de tr\u00e2nsito foram feitas, 4 condu\u00e7\u00f5es de pessoas para a 82\u00aa Delegacia Policial, 73 atendimentos no Disk Seop e 1.039 pessoas orientadas quanto \u00e0s medidas de combate \u00e0 Covid-19.<\/p>\n\n\n\n<p>No mesmo per\u00edodo, a Coordenadoria de Posturas do munic\u00edpio dispersou 80 grupos de pessoas enquanto realizavam churrascos nas orlas e praias, retirou 75 ambulantes sem autoriza\u00e7\u00e3o das praias e lagoas, derrubou 50 acampamentos irregulares e 7 constru\u00e7\u00f5es irregulares na orla das praias e lagoas de Maric\u00e1, cujos propriet\u00e1rios tamb\u00e9m foram notificados.<\/p>\n\n\n\n<p>\u201cA nossa fiscaliza\u00e7\u00e3o visa combater e dispersar quaisquer tipos de perturba\u00e7\u00f5es que se referem ao descumprimento dos decretos municipais. Aqueles que mantiverem as atividades que descumpram as ordens para utiliza\u00e7\u00e3o de espa\u00e7o p\u00fablico sofrer\u00e3o san\u00e7\u00f5es administrativas rigorosas, como autua\u00e7\u00e3o, intima\u00e7\u00e3o, recolhimento de mercadorias e estruturas, bem como multas\u201d, explicou o supervisor da Coordenadoria de Fiscaliza\u00e7\u00e3o e Posturas, Jos\u00e9 Luiz Mattos.<\/p>\n\n\n\n<p>Em Ponta Negra, no fim da noite do domingo (14\/02) policiais militares da 6\u00aa Companhia, pertencentes ao 12\u00ba Batalh\u00e3o de Pol\u00edcia Militar (Niter\u00f3i) que acompanham&nbsp; as a\u00e7\u00f5es da for\u00e7a-tarefa, agiram para dispersar&nbsp; aglomera\u00e7\u00f5es na pra\u00e7a de Ponta Negra. Ap\u00f3s a tentativa de di\u00e1logos por parte dos agentes, as pessoas se recusaram a cumprir as determina\u00e7\u00f5es que constam no decreto municipal, para o per\u00edodo de Carnaval. Ap\u00f3s o insucesso dos di\u00e1logos, a Pol\u00edcia Militar precisou utilizar g\u00e1s lacrimog\u00eaneo para dispersar as aglomera\u00e7\u00f5es que tomavam conta da pra\u00e7a. Toda a a\u00e7\u00e3o foi realizada pelos policiais militares.<\/p>\n","protected":false},"excerpt":{"rendered":"<p>Mais de mil pessoas foram orientadas quanto a medidas de combate \u00e0 Covid-19. Este n\u00famero faz parte dos dados consolidados<\/p>\n","protected":false},"author":1,"featured_media":20455,"comment_status":"open","ping_status":"open","sticky":false,"template":"","format":"standard","meta":{"colormag_page_container_layout":"default_layout","colormag_page_sidebar_layout":"default_layout","footnotes":""},"categories":[1,17],"tags":[],"class_list":["post-20454","post","type-post","status-publish","format-standard","has-post-thumbnail","hentry","category-noticias","category-politica"],"amp_enabled":true,"_links":{"self":[{"href":"https:\/\/maricatotal.com.br\/site\/wp-json\/wp\/v2\/posts\/20454","targetHints":{"allow":["GET"]}}],"collection":[{"href":"https:\/\/maricatotal.com.br\/site\/wp-json\/wp\/v2\/posts"}],"about":[{"href":"https:\/\/maricatotal.com.br\/site\/wp-json\/wp\/v2\/types\/post"}],"author":[{"embeddable":true,"href":"https:\/\/maricatotal.com.br\/site\/wp-json\/wp\/v2\/users\/1"}],"replies":[{"embeddable":true,"href":"https:\/\/maricatotal.com.br\/site\/wp-json\/wp\/v2\/comments?post=20454"}],"version-history":[{"count":1,"href":"https:\/\/maricatotal.com.br\/site\/wp-json\/wp\/v2\/posts\/20454\/revisions"}],"predecessor-version":[{"id":20456,"href":"https:\/\/maricatotal.com.br\/site\/wp-json\/wp\/v2\/posts\/20454\/revisions\/20456"}],"wp:featuredmedia":[{"embeddable":true,"href":"https:\/\/maricatotal.com.br\/site\/wp-json\/wp\/v2\/media\/20455"}],"wp:attachment":[{"href":"https:\/\/maricatotal.com.br\/site\/wp-json\/wp\/v2\/media?parent=20454"}],"wp:term":[{"taxonomy":"category","embeddable":true,"href":"https:\/\/maricatotal.com.br\/site\/wp-json\/wp\/v2\/categories?post=20454"},{"taxonomy":"post_tag","embeddable":true,"href":"https:\/\/maricatotal.com.br\/site\/wp-json\/wp\/v2\/tags?post=20454"}],"curies":[{"name":"wp","href":"https:\/\/api.w.org\/{rel}","templated":true}]}}