{"id":20549,"date":"2021-02-19T07:22:36","date_gmt":"2021-02-19T10:22:36","guid":{"rendered":"https:\/\/maricatotal.com.br\/site\/?p=20549"},"modified":"2021-02-28T09:26:25","modified_gmt":"2021-02-28T12:26:25","slug":"marica-e-ufrj-assinam-protocolo-para-desenvolvimento-de-projetos-de-pesquisa-cientifica-em-saude","status":"publish","type":"post","link":"https:\/\/maricatotal.com.br\/site\/2021\/02\/19\/marica-e-ufrj-assinam-protocolo-para-desenvolvimento-de-projetos-de-pesquisa-cientifica-em-saude\/","title":{"rendered":"Maric\u00e1 e UFRJ assinam protocolo para desenvolvimento de projetos de pesquisa cient\u00edfica em Sa\u00fade"},"content":{"rendered":"\n<p>Em reuni\u00e3o ocorrida nesta quinta-feira (18), no gabinete do prefeito Fabiano Horta, o Instituto de Ci\u00eancia, Tecnologia e Inova\u00e7\u00e3o de Maric\u00e1 (ICTIM), representando a Prefeitura, e a Universidade Federal do Rio de Janeiro (UFRJ) assinaram um Protocolo de Inten\u00e7\u00f5es com a finalidade de desenvolver projetos de pesquisa cient\u00edfica na \u00e1rea da Sa\u00fade.<\/p>\n\n\n\n<p>Os projetos prioritariamente s\u00e3o aqueles aqueles relacionados ao enfrentamento da pandemia de Covid-19, mas o termo abrange tamb\u00e9m outras \u00e1reas, como de log\u00edstica emergencial, gest\u00e3o de riscos, infraestrutura urbana, mobilidade, habita\u00e7\u00e3o, educa\u00e7\u00e3o, assist\u00eancia social e meio ambiente.<\/p>\n\n\n\n<p>A assinatura aconteceu na presen\u00e7a do prefeito Fabiano Horta, do vice-prefeito Diego Zeidan, do diretor-presidente do ICTIM, Celso Pansera, da reitora da UFRJ, Denise Carvalho, e de seu vice-reitor Carlos Frederico Le\u00e3o Rocha.<\/p>\n\n\n\n<p>\u201cN\u00f3s j\u00e1 estamos trabalhando com a UFRJ ao longo da pandemia, mas queremos ampliar esse leque de a\u00e7\u00f5es. Queremos olhar para o futuro, com objetividade, como o que est\u00e1 pautado nesse protocolo\u201d, afirmou o prefeito. \u201cO nosso maior desafio como ente p\u00fablico \u00e9 cruzar as fronteiras. O ICTIM vem exatamente com o objetivo de dialogar para fora. A UFRJ como parceira reafirma a dimens\u00e3o da pesquisa, do saber, do conhecimento. Conseguir, atrav\u00e9s do ICTIM, ter a UFRJ conosco de uma maneira s\u00f3lida, \u00e9 uma grande motiva\u00e7\u00e3o e reafirma\u00e7\u00e3o de pol\u00edticas p\u00fablicas para a cidade de Maric\u00e1\u201d, destacou Fabiano Horta.<\/p>\n\n\n\n<p>\u201cEssa \u00e9 a oportunidade de a UFRJ perpetuar aquilo que ela j\u00e1 vem fazendo ao longo de 100 anos na sociedade brasileira. Temos atuado capilarizando a produ\u00e7\u00e3o do conhecimento, a forma\u00e7\u00e3o de recursos humanos qualificados em diversos estados, n\u00e3o somente no Rio\u201d, avalia a reitora da universidade, Denise Carvalho. \u201c\u00c9 nossa tradi\u00e7\u00e3o e miss\u00e3o social ir al\u00e9m da forma\u00e7\u00e3o de profissionais altamente qualificados. A produ\u00e7\u00e3o de conhecimento \u00e9 o modelo de universidades que faz os pa\u00edses avan\u00e7arem e, no Brasil, a UFRJ cumpre esse papel, sem esquecer de que Ci\u00eancia de qualidade tamb\u00e9m se produz com solidariedade, compromisso, paix\u00e3o e junto \u00e0 sociedade\u201d, completou Denise Carvalho.<\/p>\n\n\n\n<p>Para o diretor-presidente do ICTIM, Celso Pansera, Maric\u00e1 entra numa nova fase que tamb\u00e9m servir\u00e1 como exemplo para outros munic\u00edpios. Pansera adiantou que nos pr\u00f3ximos dias, o munic\u00edpio apresentar\u00e1 os primeiros 250 respiradores n\u00e3o invasivos, um produto fruto de uma Encomenda Tecnol\u00f3gica (Etec) feita pelo ICTIM e que nasceu de uma empresa encubada na Coppe\/UFRJ.<\/p>\n\n\n\n<p>\u201cA finaliza\u00e7\u00e3o do produto e os testes foram feitos no Hospital Municipal Dr. Ernesto Che Guevara. Foi uma compra de 250 respiradores a R$ 1,1 milh\u00e3o, ou seja, um pre\u00e7o muito baixo para o que eles nos dar\u00e3o de retorno. Al\u00e9m disso, a Prefeitura ficar\u00e1 s\u00f3cia da patente\u201d, ressaltou Pansera. A partir do ano que vem, al\u00e9m da ind\u00fastria estar instalada em Maric\u00e1, a cada respirador que for vendido, a Prefeitura receber\u00e1 um valor de \u201croyalties\u201d por conta da patente.<\/p>\n\n\n\n<p>\u201cEstamos criando uma esp\u00e9cie de guarda-chuva com a UFRJ para o que vier decorrente desse apoio nos pr\u00f3ximos anos. Assim, a UFRJ poder\u00e1 nos ajudar a desenvolver polos tecnol\u00f3gicos, modernizar e criar voca\u00e7\u00f5es econ\u00f4micas para a cidade de Maric\u00e1. Nosso papel hoje do ICTIM \u00e9 ajudar a criar uma din\u00e2mica mais inovadora e dar mais um passo nesse compromisso com Maric\u00e1\u201d, completou Pansera.<\/p>\n\n\n\n<p>O diretor-presidente anunciou, ainda, que o ICTIM j\u00e1 estuda a implanta\u00e7\u00e3o de um laborat\u00f3rio de pesquisa de alta complexidade, que tamb\u00e9m contar\u00e1 com a parceria da UFRJ \u2013 a universidade j\u00e1 vem atuando com a cidade desde a&nbsp;implanta\u00e7\u00e3o do Laborat\u00f3rio de Diagn\u00f3stico Molecular Dr. Francisco Rimolo Neto (Lacen\/Maric\u00e1), feita pelo ICTIM em parceria com a Secretaria Municipal de Sa\u00fade, em 2020. At\u00e9 agora, foram realizados ali mais de 13 mil testes.<\/p>\n\n\n\n<p>Para o chefe do Laborat\u00f3rio de Virologia Molecular do Instituto de Biologia da UFRJ, virologista Am\u00edlcar Tanuri, o pr\u00f3ximo desafio ser\u00e1 dar continuidade ao estudo do Sentinela (pesquisa de amostragem e testagem da popula\u00e7\u00e3o para Covid-19), conforme recomenda a Organiza\u00e7\u00e3o Mundial da Sa\u00fade (OMS).<\/p>\n\n\n\n<p>\u201cEstamos terminando um estudo para saber a variabilidade gen\u00e9tica do v\u00edrus e descobrir se h\u00e1 algum variante espec\u00edfico.&nbsp; Maric\u00e1 foi muito importante para os testes de ant\u00edgenos, o munic\u00edpio nos d\u00e1 o apoio necess\u00e1rio\u201d, ressaltou Tanuri.<\/p>\n","protected":false},"excerpt":{"rendered":"<p>Em reuni\u00e3o ocorrida nesta quinta-feira (18), no gabinete do prefeito Fabiano Horta, o Instituto de Ci\u00eancia, Tecnologia e Inova\u00e7\u00e3o de<\/p>\n","protected":false},"author":1,"featured_media":20550,"comment_status":"open","ping_status":"open","sticky":false,"template":"","format":"standard","meta":{"colormag_page_container_layout":"default_layout","colormag_page_sidebar_layout":"default_layout","footnotes":""},"categories":[18,17],"tags":[],"class_list":["post-20549","post","type-post","status-publish","format-standard","has-post-thumbnail","hentry","category-entretenimento","category-politica"],"amp_enabled":true,"_links":{"self":[{"href":"https:\/\/maricatotal.com.br\/site\/wp-json\/wp\/v2\/posts\/20549","targetHints":{"allow":["GET"]}}],"collection":[{"href":"https:\/\/maricatotal.com.br\/site\/wp-json\/wp\/v2\/posts"}],"about":[{"href":"https:\/\/maricatotal.com.br\/site\/wp-json\/wp\/v2\/types\/post"}],"author":[{"embeddable":true,"href":"https:\/\/maricatotal.com.br\/site\/wp-json\/wp\/v2\/users\/1"}],"replies":[{"embeddable":true,"href":"https:\/\/maricatotal.com.br\/site\/wp-json\/wp\/v2\/comments?post=20549"}],"version-history":[{"count":2,"href":"https:\/\/maricatotal.com.br\/site\/wp-json\/wp\/v2\/posts\/20549\/revisions"}],"predecessor-version":[{"id":20552,"href":"https:\/\/maricatotal.com.br\/site\/wp-json\/wp\/v2\/posts\/20549\/revisions\/20552"}],"wp:featuredmedia":[{"embeddable":true,"href":"https:\/\/maricatotal.com.br\/site\/wp-json\/wp\/v2\/media\/20550"}],"wp:attachment":[{"href":"https:\/\/maricatotal.com.br\/site\/wp-json\/wp\/v2\/media?parent=20549"}],"wp:term":[{"taxonomy":"category","embeddable":true,"href":"https:\/\/maricatotal.com.br\/site\/wp-json\/wp\/v2\/categories?post=20549"},{"taxonomy":"post_tag","embeddable":true,"href":"https:\/\/maricatotal.com.br\/site\/wp-json\/wp\/v2\/tags?post=20549"}],"curies":[{"name":"wp","href":"https:\/\/api.w.org\/{rel}","templated":true}]}}