{"id":21017,"date":"2021-03-02T07:23:27","date_gmt":"2021-03-02T10:23:27","guid":{"rendered":"https:\/\/maricatotal.com.br\/site\/?p=21017"},"modified":"2021-03-02T07:23:27","modified_gmt":"2021-03-02T10:23:27","slug":"prefeitura-divulga-balanco-de-vacinacao-e-anuncia-mudancas-no-boletim-covid-19","status":"publish","type":"post","link":"https:\/\/maricatotal.com.br\/site\/2021\/03\/02\/prefeitura-divulga-balanco-de-vacinacao-e-anuncia-mudancas-no-boletim-covid-19\/","title":{"rendered":"Prefeitura divulga balan\u00e7o de vacina\u00e7\u00e3o e anuncia mudan\u00e7as no boletim Covid-19"},"content":{"rendered":"\n<p>A Prefeitura de Maric\u00e1 j\u00e1 aplicou mais de 4.500 vacinas contra a Covid-19 desde 19 de janeiro, quando as primeiras doses de imunizantes chegaram \u00e0 cidade. Segundo balan\u00e7o divulgado pela Secretaria de Sa\u00fade nesta segunda-feira (01\/03), foram precisamente 4.534 vacinas aplicadas at\u00e9 a \u00faltima sexta-feira (28\/02), das quais 1.054 j\u00e1 correspondem \u00e0 segunda dose e as demais 3.480 ainda \u00e0 primeira etapa da imuniza\u00e7\u00e3o.<\/p>\n\n\n\n<p>Neste momento, as equipes da secretaria seguem vacinando nos domic\u00edlios os idosos de 85 a 89 anos que j\u00e1 s\u00e3o cadastrados na Estrat\u00e9gia de Sa\u00fade da Fam\u00edlia. Tamb\u00e9m est\u00e3o sendo imunizados os profissionais de Sa\u00fade, e em seguida chegar\u00e1 a vez dos idosos de 80 a 84 anos, que tamb\u00e9m receber\u00e3o a vacina em casa.<\/p>\n\n\n\n<p>A Secretaria de Sa\u00fade ressalta que o andamento do cronograma de vacina\u00e7\u00e3o depender\u00e1 da quantidade de doses que Maric\u00e1 ir\u00e1 receber do governo do estado.<\/p>\n\n\n\n<p>Com a estabiliza\u00e7\u00e3o dos indicadores de Covid-19 em Maric\u00e1 que indicam um plat\u00f4 epidemiol\u00f3gico, o boletim informativo da Prefeitura sobre a pandemia, que j\u00e1 est\u00e1 em sua edi\u00e7\u00e3o 349, passa, a partir desta segunda-feira (01\/03) a ser publicado semanalmente, sempre \u00e0s quartas-feiras \u2013 desde 17 de mar\u00e7o de 2020, o documento era publicado diariamente. A evolu\u00e7\u00e3o dos n\u00fameros da pandemia na cidade, no entanto, pode ser acompanhada tamb\u00e9m pelo Portal da Transpar\u00eancia (abrigado no site oficial da Prefeitura de Maric\u00e1), onde as informa\u00e7\u00f5es seguir\u00e3o sendo atualizadas diariamente.<\/p>\n","protected":false},"excerpt":{"rendered":"<p>A Prefeitura de Maric\u00e1 j\u00e1 aplicou mais de 4.500 vacinas contra a Covid-19 desde 19 de janeiro, quando as primeiras<\/p>\n","protected":false},"author":1,"featured_media":20836,"comment_status":"open","ping_status":"open","sticky":false,"template":"","format":"standard","meta":{"colormag_page_container_layout":"default_layout","colormag_page_sidebar_layout":"default_layout","footnotes":""},"categories":[17],"tags":[],"class_list":["post-21017","post","type-post","status-publish","format-standard","has-post-thumbnail","hentry","category-politica"],"amp_enabled":true,"_links":{"self":[{"href":"https:\/\/maricatotal.com.br\/site\/wp-json\/wp\/v2\/posts\/21017","targetHints":{"allow":["GET"]}}],"collection":[{"href":"https:\/\/maricatotal.com.br\/site\/wp-json\/wp\/v2\/posts"}],"about":[{"href":"https:\/\/maricatotal.com.br\/site\/wp-json\/wp\/v2\/types\/post"}],"author":[{"embeddable":true,"href":"https:\/\/maricatotal.com.br\/site\/wp-json\/wp\/v2\/users\/1"}],"replies":[{"embeddable":true,"href":"https:\/\/maricatotal.com.br\/site\/wp-json\/wp\/v2\/comments?post=21017"}],"version-history":[{"count":1,"href":"https:\/\/maricatotal.com.br\/site\/wp-json\/wp\/v2\/posts\/21017\/revisions"}],"predecessor-version":[{"id":21019,"href":"https:\/\/maricatotal.com.br\/site\/wp-json\/wp\/v2\/posts\/21017\/revisions\/21019"}],"wp:featuredmedia":[{"embeddable":true,"href":"https:\/\/maricatotal.com.br\/site\/wp-json\/wp\/v2\/media\/20836"}],"wp:attachment":[{"href":"https:\/\/maricatotal.com.br\/site\/wp-json\/wp\/v2\/media?parent=21017"}],"wp:term":[{"taxonomy":"category","embeddable":true,"href":"https:\/\/maricatotal.com.br\/site\/wp-json\/wp\/v2\/categories?post=21017"},{"taxonomy":"post_tag","embeddable":true,"href":"https:\/\/maricatotal.com.br\/site\/wp-json\/wp\/v2\/tags?post=21017"}],"curies":[{"name":"wp","href":"https:\/\/api.w.org\/{rel}","templated":true}]}}