{"id":21130,"date":"2021-03-04T22:06:49","date_gmt":"2021-03-05T01:06:49","guid":{"rendered":"https:\/\/maricatotal.com.br\/site\/?p=21130"},"modified":"2021-03-04T22:06:50","modified_gmt":"2021-03-05T01:06:50","slug":"ept-transfere-inicio-da-operacao-das-vermelhinhas-para-terca-feira-09-03","status":"publish","type":"post","link":"https:\/\/maricatotal.com.br\/site\/2021\/03\/04\/ept-transfere-inicio-da-operacao-das-vermelhinhas-para-terca-feira-09-03\/","title":{"rendered":"EPT transfere in\u00edcio da opera\u00e7\u00e3o das vermelhinhas para ter\u00e7a-feira (09\/03)"},"content":{"rendered":"\n<p>A Prefeitura, atrav\u00e9s da Empresa P\u00fablica de Transportes (EPT), decidiu transferir o in\u00edcio da opera\u00e7\u00e3o das bicicletas de uso gratuito, que estava marcado para esta sexta-feira (05\/03), para a pr\u00f3xima ter\u00e7a-feira (09\/03). A inten\u00e7\u00e3o do munic\u00edpio \u00e9 a de promover o inicio desse importante projeto de mobilidade com todas as esta\u00e7\u00f5es previstas para esta fase implantadas e com o sistema de cadastro, controle e libera\u00e7\u00e3o das bikes em plena opera\u00e7\u00e3o.<\/p>\n\n\n\n<p>Ao todo, ser\u00e3o 20 esta\u00e7\u00f5es com 10 bicicletas cada, totalizando 200 vermelhinhas. Nesta primeira fase, o projeto vai incluir a Pra\u00e7a de Itapeba, o Centro de Esportes Unificados (CEU), a Mumbuca, a Rodovi\u00e1ria do Centro e a Prefeitura. &nbsp;&nbsp;<\/p>\n\n\n\n<p>Para utilizar as vermelhinhas, os interessados ter\u00e3o que efetuar seus cadastros atrav\u00e9s do aplicativo da EPT \u2013 informando dados pessoais e um n\u00famero de cart\u00e3o de cr\u00e9dito como forma de seguran\u00e7a em casos de perda ou roubo das bikes, sem nenhum valor cobrado pela utiliza\u00e7\u00e3o. Quem n\u00e3o tiver ou n\u00e3o quiser informar um cart\u00e3o de cr\u00e9dito, ter\u00e1 que realizar o cadastro presencialmente na sede da empresa, levando documento de identidade, CPF e comprovante de resid\u00eancia.&nbsp;<\/p>\n\n\n\n<p>Ap\u00f3s o cadastramento, o morador estar\u00e1 apto a utilizar as bicicletas pelo per\u00edodo de uma hora, de segunda \u00e0 sexta-feira. J\u00e1 nos fins de semana e feriados, o tempo de utiliza\u00e7\u00e3o permitido ser\u00e1 de duas horas. Lembrando que, ap\u00f3s o uso, a bicicleta deve ser devolvida \u00e0 esta\u00e7\u00e3o e a reserva de outra vermelhinha s\u00f3 ser\u00e1 liberada com, no m\u00ednimo, 15 minutos de intervalo. Cada esta\u00e7\u00e3o contar\u00e1, ainda, com \u00e1lcool gel \u00e0 disposi\u00e7\u00e3o dos usu\u00e1rios, que dever\u00e3o fazer a higieniza\u00e7\u00e3o da bicicleta antes do uso, a exemplo do que j\u00e1 acontece em carrinhos de compras em supermercados.&nbsp;&nbsp;<\/p>\n\n\n\n<p>Menores de idade n\u00e3o poder\u00e3o se cadastrar. Apenas pessoas com mais de 18 anos. Mas, poder\u00e3o usar as bicicletas se inclu\u00eddas nos cadastros de seus pais. Ainda de acordo com a EPT, uma licita\u00e7\u00e3o j\u00e1 est\u00e1 sendo feita para a aquisi\u00e7\u00e3o de bicicletas infantis e destinadas a pessoas com defici\u00eancia.<\/p>\n","protected":false},"excerpt":{"rendered":"<p>A Prefeitura, atrav\u00e9s da Empresa P\u00fablica de Transportes (EPT), decidiu transferir o in\u00edcio da opera\u00e7\u00e3o das bicicletas de uso gratuito,<\/p>\n","protected":false},"author":1,"featured_media":21131,"comment_status":"open","ping_status":"open","sticky":false,"template":"","format":"standard","meta":{"colormag_page_container_layout":"default_layout","colormag_page_sidebar_layout":"default_layout","footnotes":""},"categories":[18],"tags":[],"class_list":["post-21130","post","type-post","status-publish","format-standard","has-post-thumbnail","hentry","category-entretenimento"],"amp_enabled":true,"_links":{"self":[{"href":"https:\/\/maricatotal.com.br\/site\/wp-json\/wp\/v2\/posts\/21130","targetHints":{"allow":["GET"]}}],"collection":[{"href":"https:\/\/maricatotal.com.br\/site\/wp-json\/wp\/v2\/posts"}],"about":[{"href":"https:\/\/maricatotal.com.br\/site\/wp-json\/wp\/v2\/types\/post"}],"author":[{"embeddable":true,"href":"https:\/\/maricatotal.com.br\/site\/wp-json\/wp\/v2\/users\/1"}],"replies":[{"embeddable":true,"href":"https:\/\/maricatotal.com.br\/site\/wp-json\/wp\/v2\/comments?post=21130"}],"version-history":[{"count":1,"href":"https:\/\/maricatotal.com.br\/site\/wp-json\/wp\/v2\/posts\/21130\/revisions"}],"predecessor-version":[{"id":21132,"href":"https:\/\/maricatotal.com.br\/site\/wp-json\/wp\/v2\/posts\/21130\/revisions\/21132"}],"wp:featuredmedia":[{"embeddable":true,"href":"https:\/\/maricatotal.com.br\/site\/wp-json\/wp\/v2\/media\/21131"}],"wp:attachment":[{"href":"https:\/\/maricatotal.com.br\/site\/wp-json\/wp\/v2\/media?parent=21130"}],"wp:term":[{"taxonomy":"category","embeddable":true,"href":"https:\/\/maricatotal.com.br\/site\/wp-json\/wp\/v2\/categories?post=21130"},{"taxonomy":"post_tag","embeddable":true,"href":"https:\/\/maricatotal.com.br\/site\/wp-json\/wp\/v2\/tags?post=21130"}],"curies":[{"name":"wp","href":"https:\/\/api.w.org\/{rel}","templated":true}]}}