{"id":21133,"date":"2021-03-05T00:51:21","date_gmt":"2021-03-05T03:51:21","guid":{"rendered":"https:\/\/maricatotal.com.br\/site\/?p=21133"},"modified":"2021-03-05T00:52:10","modified_gmt":"2021-03-05T03:52:10","slug":"vermelinho-na-cidade-toda-tarifa-zero-comeca-circular-em-inoa-e-itaipuacu-nesta-sexta","status":"publish","type":"post","link":"https:\/\/maricatotal.com.br\/site\/2021\/03\/05\/vermelinho-na-cidade-toda-tarifa-zero-comeca-circular-em-inoa-e-itaipuacu-nesta-sexta\/","title":{"rendered":"Vermelinho na cidade toda: Tarifa zero come\u00e7a circular em Ino\u00e3 e Itaipua\u00e7u nesta sexta"},"content":{"rendered":"\n<p>A Empresa P\u00fablica de Transportes (EPT) assume todas as linhas do munic\u00edpio de Maric\u00e1 nesta sexta-feira (05). <\/p>\n\n\n\n<p>72 novos ve\u00edculos ser\u00e3o integrados a frota para atender o 3\u00ba e o 4\u00ba distritos, Ino\u00e3 e Itaipua\u00e7u. A expectativa da empresa \u00e9 que os \u00f4nibus tarifa zero transportem cerca de 50 mil mun\u00edcipes.<\/p>\n\n\n\n<p><br>Em seu Site oficial, a EPT disponibilizou todas as novas linhas, confira: <\/p>\n\n\n\n<p><a href=\"https:\/\/www.eptmarica.rj.gov.br\/index.php\/horarios-ept\">https:\/\/www.eptmarica.rj.gov.br\/index.php\/horarios-ept<\/a><\/p>\n\n\n\n<p>Implementar os Vermelinhos em toda cidade \u00e9 um sonho antigo em Maric\u00e1, o que ir\u00e1 se torna realidade hoje, marcando uma nova etapa pra um dos munic\u00edpios que mais crescem no Brasil.<\/p>\n","protected":false},"excerpt":{"rendered":"<p>A Empresa P\u00fablica de Transportes (EPT) assume todas as linhas do munic\u00edpio de Maric\u00e1 nesta sexta-feira (05). 72 novos ve\u00edculos<\/p>\n","protected":false},"author":1,"featured_media":21134,"comment_status":"open","ping_status":"open","sticky":false,"template":"","format":"standard","meta":{"colormag_page_container_layout":"default_layout","colormag_page_sidebar_layout":"default_layout","footnotes":""},"categories":[14],"tags":[],"class_list":["post-21133","post","type-post","status-publish","format-standard","has-post-thumbnail","hentry","category-bairros"],"amp_enabled":true,"_links":{"self":[{"href":"https:\/\/maricatotal.com.br\/site\/wp-json\/wp\/v2\/posts\/21133","targetHints":{"allow":["GET"]}}],"collection":[{"href":"https:\/\/maricatotal.com.br\/site\/wp-json\/wp\/v2\/posts"}],"about":[{"href":"https:\/\/maricatotal.com.br\/site\/wp-json\/wp\/v2\/types\/post"}],"author":[{"embeddable":true,"href":"https:\/\/maricatotal.com.br\/site\/wp-json\/wp\/v2\/users\/1"}],"replies":[{"embeddable":true,"href":"https:\/\/maricatotal.com.br\/site\/wp-json\/wp\/v2\/comments?post=21133"}],"version-history":[{"count":2,"href":"https:\/\/maricatotal.com.br\/site\/wp-json\/wp\/v2\/posts\/21133\/revisions"}],"predecessor-version":[{"id":21136,"href":"https:\/\/maricatotal.com.br\/site\/wp-json\/wp\/v2\/posts\/21133\/revisions\/21136"}],"wp:featuredmedia":[{"embeddable":true,"href":"https:\/\/maricatotal.com.br\/site\/wp-json\/wp\/v2\/media\/21134"}],"wp:attachment":[{"href":"https:\/\/maricatotal.com.br\/site\/wp-json\/wp\/v2\/media?parent=21133"}],"wp:term":[{"taxonomy":"category","embeddable":true,"href":"https:\/\/maricatotal.com.br\/site\/wp-json\/wp\/v2\/categories?post=21133"},{"taxonomy":"post_tag","embeddable":true,"href":"https:\/\/maricatotal.com.br\/site\/wp-json\/wp\/v2\/tags?post=21133"}],"curies":[{"name":"wp","href":"https:\/\/api.w.org\/{rel}","templated":true}]}}