{"id":21137,"date":"2021-03-05T07:23:50","date_gmt":"2021-03-05T10:23:50","guid":{"rendered":"https:\/\/maricatotal.com.br\/site\/?p=21137"},"modified":"2021-03-05T07:23:50","modified_gmt":"2021-03-05T10:23:50","slug":"novas-medidas-restritivas-de-protecao-contra-a-covid-19-sao-lancadas-em-sg-e-niteroi","status":"publish","type":"post","link":"https:\/\/maricatotal.com.br\/site\/2021\/03\/05\/novas-medidas-restritivas-de-protecao-contra-a-covid-19-sao-lancadas-em-sg-e-niteroi\/","title":{"rendered":"Novas medidas restritivas de prote\u00e7\u00e3o contra a Covid-19 s\u00e3o lan\u00e7adas em SG e Niter\u00f3i"},"content":{"rendered":"\n<p>Nesta quinta-feira (04), o prefeito de S\u00e3o Gon\u00e7alo, Capit\u00e3o Nelson, anunciou uma s\u00e9rie de medidas restritivas de prote\u00e7\u00e3o \u00e0 vida, para evitar o avan\u00e7o do novo coronav\u00edrus. A partir desta sexta-feira (05), bares, restaurantes e similares s\u00f3 poder\u00e3o funcionar at\u00e9 \u00e0s 18h, inclusive as pra\u00e7as de alimenta\u00e7\u00e3o dos shoppings. Boates, casas de shows e de eventos dever\u00e3o ficar fechadas. As medidas ter\u00e3o dura\u00e7\u00e3o at\u00e9 o dia 11 de mar\u00e7o, de acordo com o decreto n\u00ba 088\/21, publicado no Di\u00e1rio Oficial desta quinta-feira (04). Em Niter\u00f3i, foram anunciadas medidas restritivas que v\u00e3o durar quinze dias.\u00a0<\/p>\n\n\n\n<p>A decis\u00e3o de impor hor\u00e1rio reduzido de funcionamento e\/ou fechamento de estabelecimentos foi tomada para evitar aglomera\u00e7\u00f5es e conter o aumento de casos de covid-19. O an\u00fancio da Prefeitura do Rio, com restri\u00e7\u00f5es e toque de recolher na capital do Estado, tamb\u00e9m foi considerado na tomada de decis\u00e3o pelo munic\u00edpio de S\u00e3o Gon\u00e7alo, em fun\u00e7\u00e3o da proximidade entre as duas cidades. O prefeito Capit\u00e3o Nelson explicou que as novas restri\u00e7\u00f5es t\u00eam car\u00e1ter preventivo, para evitar o colapso no sistema de sa\u00fade municipal.<\/p>\n\n\n\n<p>\u201cEstamos monitorando a situa\u00e7\u00e3o no munic\u00edpio, diariamente, para garantir que a popula\u00e7\u00e3o continue sendo atendida em nossas unidades de sa\u00fade, com a oferta de leitos em caso de necessidade. Decidimos adotar as medidas mais restritivas diante do cen\u00e1rio preocupante em v\u00e1rios Estados do Pa\u00eds e tamb\u00e9m levamos em conta os alertas dos especialistas em rela\u00e7\u00e3o ao avan\u00e7o do novo coronav\u00edrus e suas variantes. \u00c9 fundamental que a popula\u00e7\u00e3o se conscientize em rela\u00e7\u00e3o ao distanciamento social, uso de m\u00e1scaras e de \u00e1lcool em gel, evitando aglomera\u00e7\u00f5es e saindo de casa apenas em caso de necessidade. N\u00e3o queremos adotar lockdown e, para isso, esperamos que a popula\u00e7\u00e3o fa\u00e7a a sua parte\u201d, destacou o prefeito.<\/p>\n\n\n\n<p>Os bares, restaurantes, lanchonetes e estabelecimentos cong\u00eaneres poder\u00e3o funcionar no hor\u00e1rio de 6h \u00e0s 18h, limitando o atendimento ao p\u00fablico em 2\/3 da sua capacidade de lota\u00e7\u00e3o. Lojas de conveni\u00eancias e similares, como trailer, barraquinhas e quiosques dever\u00e3o cumprir o mesmo hor\u00e1rio. Os shoppings, centros comerciais e galerias poder\u00e3o funcionar at\u00e9 \u00e0s 22h, cumprindo as medidas protetivas j\u00e1 em vigor e limitando o p\u00fablico em 2\/3 da capacidade total. Os eventos sociais em ambientes como sal\u00f5es e casa de festas, para casamentos e anivers\u00e1rios previamente agendados, desse que assegurada a conten\u00e7\u00e3o do acesso ao interior do estabelecimento, limitando-se a capacidade m\u00e1xima de 250 pessoas. At\u00e9 o momento, \u00e9 permitido o servi\u00e7o de entrega de refei\u00e7\u00f5es e lanches, e o funcionamento de feiras livres que realizam a comercializa\u00e7\u00e3o de produtos de g\u00eanero aliment\u00edcio e artesanato, no hor\u00e1rio de 6h \u00e0s 18h.<\/p>\n\n\n\n<p>NITER\u00d3I<\/p>\n\n\n\n<p>Outro munic\u00edpio que sofrer\u00e1 mudan\u00e7as para evitar o aumento do cont\u00e1gio da Covid-19, ser\u00e1 Niter\u00f3i. De acordo com o an\u00fancio feito pelo prefeito Axel Grael, ser\u00e3o restringidos os hor\u00e1rios de circula\u00e7\u00e3o na cidade por 15 dias. Os bares e restaurantes ser\u00e3o fechados \u00e0s 18h, sem permiss\u00e3o de m\u00fasica ao vivo nos espa\u00e7os. J\u00e1 os com\u00e9rcios de rua e os ambulantes, ter\u00e3o hor\u00e1rios reposicionados para conter as aglomera\u00e7\u00f5es em \u00f4nibus, a partir das 10h at\u00e9 \u00e0s 20h. Shoppings passam a entrar em funcionamento de 12h \u00e0s 22h.<\/p>\n\n\n\n<p>Haver\u00e1 proibi\u00e7\u00e3o no funcionamento de quiosques de praias, sem a permiss\u00e3o de atividades e pr\u00e1ticas de esportes coletivos \u2013 atividades individuais ser\u00e3o permitidas. Entre 23h e 05h \u00e9 proibido a perman\u00eancia de indiv\u00edduos em locais p\u00fablicos, podendo circular, mas sem parar nos espa\u00e7os evitando assim a aglomera\u00e7\u00e3o. O home office \u00e9 recomendado pela prefeitura para 50% de funcion\u00e1rios da iniciativa privada. \u201cS\u00e3o medidas de preven\u00e7\u00e3o por conta do cen\u00e1rio ca\u00f3tico brasileiro. A ideia \u00e9 que Niter\u00f3i continue no sinal amarelo 2 (aten\u00e7\u00e3o m\u00e1xima) do seu plano de transi\u00e7\u00e3o gradual\u201d, informa Axel Grael.<\/p>\n\n\n\n<p>FISCALIZA\u00c7\u00c3O REFOR\u00c7ADA<\/p>\n\n\n\n<p>Para garantir o cumprimento das medidas, uma for\u00e7a-tarefa envolvendo as secretarias de Sa\u00fade e Defesa Civil, atrav\u00e9s da Vigil\u00e2ncia Sanit\u00e1ria, e Ordem P\u00fablica, com a atua\u00e7\u00e3o da Subsecretaria de Posturas e da Guarda Municipal, estar\u00e1 nas ruas a partir desta sexta-feira, para orientar os comerciantes e a popula\u00e7\u00e3o. Os agentes ir\u00e3o refor\u00e7ar a fiscaliza\u00e7\u00e3o para garantir que bares e restaurantes cumpram o hor\u00e1rio determinado para o fechamento, assim como boates e casas de shows, que n\u00e3o poder\u00e3o abrir. Toda a opera\u00e7\u00e3o contar\u00e1 com o apoio da Pol\u00edcia Militar, que tamb\u00e9m ir\u00e1 atuar para impedir os bailes funks em comunidades.<\/p>\n\n\n\n<p>Nesta quinta-feira, S\u00e3o Gon\u00e7alo confirmou 59.059 casos de covid-19, dos quais 53.600 pessoas est\u00e3o curadas; houve 1.442 \u00f3bitos; 67 pessoas est\u00e3o hospitalizadas na rede municipal e 3.949 moradores permanecem em quarentena domiciliar. O munic\u00edpio segue vacinando os grupos priorit\u00e1rios, de segunda-feira a s\u00e1bado, em oito pontos de atendimento espalhados por toda a cidade, com tr\u00eas locais de drive-thru. Est\u00e3o recebendo as vacinas os idosos a partir de 79 anos e trabalhadores da sa\u00fade com mais de 60 anos que atuam em hospitais e comprovem v\u00ednculo com o munic\u00edpio.<\/p>\n","protected":false},"excerpt":{"rendered":"<p>Nesta quinta-feira (04), o prefeito de S\u00e3o Gon\u00e7alo, Capit\u00e3o Nelson, anunciou uma s\u00e9rie de medidas restritivas de prote\u00e7\u00e3o \u00e0 vida,<\/p>\n","protected":false},"author":1,"featured_media":21138,"comment_status":"open","ping_status":"open","sticky":false,"template":"","format":"standard","meta":{"colormag_page_container_layout":"default_layout","colormag_page_sidebar_layout":"default_layout","footnotes":""},"categories":[14],"tags":[],"class_list":["post-21137","post","type-post","status-publish","format-standard","has-post-thumbnail","hentry","category-bairros"],"amp_enabled":true,"_links":{"self":[{"href":"https:\/\/maricatotal.com.br\/site\/wp-json\/wp\/v2\/posts\/21137","targetHints":{"allow":["GET"]}}],"collection":[{"href":"https:\/\/maricatotal.com.br\/site\/wp-json\/wp\/v2\/posts"}],"about":[{"href":"https:\/\/maricatotal.com.br\/site\/wp-json\/wp\/v2\/types\/post"}],"author":[{"embeddable":true,"href":"https:\/\/maricatotal.com.br\/site\/wp-json\/wp\/v2\/users\/1"}],"replies":[{"embeddable":true,"href":"https:\/\/maricatotal.com.br\/site\/wp-json\/wp\/v2\/comments?post=21137"}],"version-history":[{"count":1,"href":"https:\/\/maricatotal.com.br\/site\/wp-json\/wp\/v2\/posts\/21137\/revisions"}],"predecessor-version":[{"id":21139,"href":"https:\/\/maricatotal.com.br\/site\/wp-json\/wp\/v2\/posts\/21137\/revisions\/21139"}],"wp:featuredmedia":[{"embeddable":true,"href":"https:\/\/maricatotal.com.br\/site\/wp-json\/wp\/v2\/media\/21138"}],"wp:attachment":[{"href":"https:\/\/maricatotal.com.br\/site\/wp-json\/wp\/v2\/media?parent=21137"}],"wp:term":[{"taxonomy":"category","embeddable":true,"href":"https:\/\/maricatotal.com.br\/site\/wp-json\/wp\/v2\/categories?post=21137"},{"taxonomy":"post_tag","embeddable":true,"href":"https:\/\/maricatotal.com.br\/site\/wp-json\/wp\/v2\/tags?post=21137"}],"curies":[{"name":"wp","href":"https:\/\/api.w.org\/{rel}","templated":true}]}}