{"id":21219,"date":"2021-03-08T08:31:58","date_gmt":"2021-03-08T11:31:58","guid":{"rendered":"https:\/\/maricatotal.com.br\/site\/?p=21219"},"modified":"2021-03-08T08:31:59","modified_gmt":"2021-03-08T11:31:59","slug":"prefeitura-realiza-transmissao-especial-em-comemoracao-ao-dia-internacional-da-mulher","status":"publish","type":"post","link":"https:\/\/maricatotal.com.br\/site\/2021\/03\/08\/prefeitura-realiza-transmissao-especial-em-comemoracao-ao-dia-internacional-da-mulher\/","title":{"rendered":"Prefeitura realiza transmiss\u00e3o especial em comemora\u00e7\u00e3o ao Dia Internacional da Mulher"},"content":{"rendered":"\n<p>O Dia Internacional da Mulher, comemorado nesta segunda-feira, 08\/03, ser\u00e1 ainda mais especial este ano. Isto porque a Prefeitura de Maric\u00e1, atrav\u00e9s da Secretaria de Comunica\u00e7\u00e3o e a Coordena\u00e7\u00e3o de Pol\u00edticas P\u00fablicas para as Mulheres vai realizar uma super live. A transmiss\u00e3o tem na programa\u00e7\u00e3o debates e shows com as cantoras J\u00f4 Borges e Dalva Alves.<\/p>\n\n\n\n<p>O evento ao vivo, que come\u00e7a a partir das 19h, e ser\u00e1 transmitido atrav\u00e9s das p\u00e1ginas do Facebook e Youtube da Prefeitura de Maric\u00e1, ter\u00e1 participa\u00e7\u00f5es, atrav\u00e9s de v\u00eddeochamada, da primeira-dama de Maric\u00e1, Rosana Horta, as deputadas estaduais Rosangela Zeidan e Martha Rocha, presidente da Comiss\u00e3o de Defesa dos Direitos da Mulher da Assembleia Legislativa do Estado do Rio de Janeiro (ALERJ) e Adriana Luiza da Costa, secret\u00e1ria de Educa\u00e7\u00e3o de Maric\u00e1.<\/p>\n\n\n\n<p>O primeiro bloco da transmiss\u00e3o tem na programa\u00e7\u00e3o uma roda de conversa com o tema \u201cSer mulher\u201d, reunindo Luciana Piredda, coordenadora de Pol\u00edticas P\u00fablicas para Mulheres, Maria In\u00eaz Pucello, coordenadora da Escola Municipal de Administra\u00e7\u00e3o de Maric\u00e1 (Emar) e uma representante dos movimentos sociais.<\/p>\n\n\n\n<p>J\u00e1 no segundo bloco, as mulheres v\u00e3o discutir o tema \u201cLuta das mulheres negras\u201d, no terceiro bloco o tema ser\u00e1 \u201cA participa\u00e7\u00e3o das mulheres nos espa\u00e7os de poder e decis\u00e3o\u201d e fechando a live o debate sobre \u201cViol\u00eancia contra mulher\u201d. As artistas locais J\u00f4 Borges e Dalva Alves comandam a musicalidade do evento, que tamb\u00e9m ter\u00e1 poesias declamadas durante a programa\u00e7\u00e3o.<\/p>\n\n\n\n<p>SERVI\u00c7O: Live em comemora\u00e7\u00e3o ao Dia Internacional da Mulher<\/p>\n\n\n\n<p>Data: 08\/03<\/p>\n\n\n\n<p>Hor\u00e1rio: 19h<\/p>\n\n\n\n<p>Acesso: Redes sociais da Prefeitura de Maric\u00e1 (Facebook, Youtube).<\/p>\n\n\n\n<p>Programa\u00e7\u00e3o: Roda de conversa sobre \u201cSer Mulher\u201d; debate \u2013\u201d Luta das mulheres negras\u201d; \u201cA participa\u00e7\u00e3o das mulheres nos espa\u00e7os de poder e decis\u00e3o\u201d e\u201d Viol\u00eancia contra mulher\u201d.<\/p>\n\n\n\n<p>Participantes: Luciana Priedda, deputas estaduais Rosangela Zeidan e Martha Rocha, Maria In\u00eaz Pucello.<\/p>\n\n\n\n<p>Shows: J\u00f4 Borges e Dalva Alves.<\/p>\n","protected":false},"excerpt":{"rendered":"<p>O Dia Internacional da Mulher, comemorado nesta segunda-feira, 08\/03, ser\u00e1 ainda mais especial este ano. Isto porque a Prefeitura de<\/p>\n","protected":false},"author":1,"featured_media":21220,"comment_status":"open","ping_status":"open","sticky":false,"template":"","format":"standard","meta":{"colormag_page_container_layout":"default_layout","colormag_page_sidebar_layout":"default_layout","footnotes":""},"categories":[18],"tags":[],"class_list":["post-21219","post","type-post","status-publish","format-standard","has-post-thumbnail","hentry","category-entretenimento"],"amp_enabled":true,"_links":{"self":[{"href":"https:\/\/maricatotal.com.br\/site\/wp-json\/wp\/v2\/posts\/21219","targetHints":{"allow":["GET"]}}],"collection":[{"href":"https:\/\/maricatotal.com.br\/site\/wp-json\/wp\/v2\/posts"}],"about":[{"href":"https:\/\/maricatotal.com.br\/site\/wp-json\/wp\/v2\/types\/post"}],"author":[{"embeddable":true,"href":"https:\/\/maricatotal.com.br\/site\/wp-json\/wp\/v2\/users\/1"}],"replies":[{"embeddable":true,"href":"https:\/\/maricatotal.com.br\/site\/wp-json\/wp\/v2\/comments?post=21219"}],"version-history":[{"count":1,"href":"https:\/\/maricatotal.com.br\/site\/wp-json\/wp\/v2\/posts\/21219\/revisions"}],"predecessor-version":[{"id":21221,"href":"https:\/\/maricatotal.com.br\/site\/wp-json\/wp\/v2\/posts\/21219\/revisions\/21221"}],"wp:featuredmedia":[{"embeddable":true,"href":"https:\/\/maricatotal.com.br\/site\/wp-json\/wp\/v2\/media\/21220"}],"wp:attachment":[{"href":"https:\/\/maricatotal.com.br\/site\/wp-json\/wp\/v2\/media?parent=21219"}],"wp:term":[{"taxonomy":"category","embeddable":true,"href":"https:\/\/maricatotal.com.br\/site\/wp-json\/wp\/v2\/categories?post=21219"},{"taxonomy":"post_tag","embeddable":true,"href":"https:\/\/maricatotal.com.br\/site\/wp-json\/wp\/v2\/tags?post=21219"}],"curies":[{"name":"wp","href":"https:\/\/api.w.org\/{rel}","templated":true}]}}