{"id":21273,"date":"2021-03-09T11:45:10","date_gmt":"2021-03-09T14:45:10","guid":{"rendered":"https:\/\/maricatotal.com.br\/site\/?p=21273"},"modified":"2021-03-09T11:47:02","modified_gmt":"2021-03-09T14:47:02","slug":"moradores-reclamam-de-falta-de-agua-na-regiao-central-de-marica","status":"publish","type":"post","link":"https:\/\/maricatotal.com.br\/site\/2021\/03\/09\/moradores-reclamam-de-falta-de-agua-na-regiao-central-de-marica\/","title":{"rendered":"Moradores reclamam de falta de \u00e1gua na Regi\u00e3o Central de Maric\u00e1"},"content":{"rendered":"\n<p>Moradores e comerciantes da Regi\u00e3o Central de Maric\u00e1 est\u00e3o reclamando sobre a falta de \u00e1gua que tem sido um grande problema nos \u00faltimos dias.<\/p>\n\n\n\n<p>Nos dias de mais calor e principalmente na pandemia, onde parte dos protocolos de seguran\u00e7a contra covid-19 inclui a intensifica\u00e7\u00e3o da higiene, os moradores tem sofrido com a falta de \u00e1gua.<\/p>\n\n\n\n<p>Muitos contam somente com o abastecimento da Cedae e n\u00e3o conseguem custear caminh\u00e3o pipa. Ap\u00f3s anos de reclama\u00e7\u00f5es, os moradores ainda esperam uma a\u00e7\u00e3o da Cedae ou por parte da Prefeitura de Maric\u00e1 para melhorar o abastecimento de \u00e1gua na regi\u00e3o.<\/p>\n","protected":false},"excerpt":{"rendered":"<p>Moradores e comerciantes da Regi\u00e3o Central de Maric\u00e1 est\u00e3o reclamando sobre a falta de \u00e1gua que tem sido um grande<\/p>\n","protected":false},"author":1,"featured_media":21275,"comment_status":"open","ping_status":"open","sticky":false,"template":"","format":"standard","meta":{"colormag_page_container_layout":"default_layout","colormag_page_sidebar_layout":"default_layout","footnotes":""},"categories":[14],"tags":[],"class_list":["post-21273","post","type-post","status-publish","format-standard","has-post-thumbnail","hentry","category-bairros"],"amp_enabled":true,"_links":{"self":[{"href":"https:\/\/maricatotal.com.br\/site\/wp-json\/wp\/v2\/posts\/21273","targetHints":{"allow":["GET"]}}],"collection":[{"href":"https:\/\/maricatotal.com.br\/site\/wp-json\/wp\/v2\/posts"}],"about":[{"href":"https:\/\/maricatotal.com.br\/site\/wp-json\/wp\/v2\/types\/post"}],"author":[{"embeddable":true,"href":"https:\/\/maricatotal.com.br\/site\/wp-json\/wp\/v2\/users\/1"}],"replies":[{"embeddable":true,"href":"https:\/\/maricatotal.com.br\/site\/wp-json\/wp\/v2\/comments?post=21273"}],"version-history":[{"count":3,"href":"https:\/\/maricatotal.com.br\/site\/wp-json\/wp\/v2\/posts\/21273\/revisions"}],"predecessor-version":[{"id":21277,"href":"https:\/\/maricatotal.com.br\/site\/wp-json\/wp\/v2\/posts\/21273\/revisions\/21277"}],"wp:featuredmedia":[{"embeddable":true,"href":"https:\/\/maricatotal.com.br\/site\/wp-json\/wp\/v2\/media\/21275"}],"wp:attachment":[{"href":"https:\/\/maricatotal.com.br\/site\/wp-json\/wp\/v2\/media?parent=21273"}],"wp:term":[{"taxonomy":"category","embeddable":true,"href":"https:\/\/maricatotal.com.br\/site\/wp-json\/wp\/v2\/categories?post=21273"},{"taxonomy":"post_tag","embeddable":true,"href":"https:\/\/maricatotal.com.br\/site\/wp-json\/wp\/v2\/tags?post=21273"}],"curies":[{"name":"wp","href":"https:\/\/api.w.org\/{rel}","templated":true}]}}