{"id":21376,"date":"2021-03-11T08:11:24","date_gmt":"2021-03-11T11:11:24","guid":{"rendered":"https:\/\/maricatotal.com.br\/site\/?p=21376"},"modified":"2021-03-11T08:11:25","modified_gmt":"2021-03-11T11:11:25","slug":"marica-recebe-novo-lote-de-vacinas-contra-a-covid-19","status":"publish","type":"post","link":"https:\/\/maricatotal.com.br\/site\/2021\/03\/11\/marica-recebe-novo-lote-de-vacinas-contra-a-covid-19\/","title":{"rendered":"Maric\u00e1 recebe novo lote de vacinas contra a Covid-19"},"content":{"rendered":"\n<p>A Prefeitura de Maric\u00e1 recebeu nesta quarta-feira (10\/03) mais um lote de vacinas contra a Covid-19. Desta vez chegaram ao Posto Central 1.140 doses do imunizante Coronavac.<\/p>\n\n\n\n<p>Como nas ocasi\u00f5es anteriores \u2013 o \u00faltimo lote, recebido na semana passada, trouxe 1.620 doses \u2013 o quantitativo ser\u00e1 destinado \u00e0 imuniza\u00e7\u00e3o em duas doses de grupos priorit\u00e1rios de acordo com os crit\u00e9rios estabelecidos pelo Minist\u00e9rio da Sa\u00fade. A Secretaria de Sa\u00fade, que vem aplicando a vacina sem interrup\u00e7\u00f5es desde janeiro, far\u00e1 a atualiza\u00e7\u00e3o do cronograma municipal.<\/p>\n\n\n\n<p>Igualmente de acordo com o cronograma, tamb\u00e9m nesta quarta-feira teve in\u00edcio a vacina\u00e7\u00e3o dos profissionais da sa\u00fade que atuam nos consult\u00f3rios odontol\u00f3gicos da rede privada. Eles est\u00e3o sendo contatados com base na listagem nominal entregue pelo Conselho Regional de Odontologia do Rio de Janeiro (CRO \u2013 RJ), solicitada pela pr\u00f3pria secretaria.<\/p>\n\n\n\n<p>\u201c\u00c9 importante que o registro profissional esteja atualizado no conselho, com a comprova\u00e7\u00e3o de atua\u00e7\u00e3o em Maric\u00e1, no caso dos profissionais que t\u00eam o registro em outra cidade ou estado\u201d, observa a coordenadora de imuniza\u00e7\u00e3o da rede, Ana Cl\u00e1udia Chav\u00e3o.<\/p>\n\n\n\n<p>Os profissionais devem apresentar documentos que comprovem suas atividades como dentistas auxiliar de sa\u00fade bucal e t\u00e9cnico em sa\u00fade bucal, fornecidos pelo Conselho Regional de Odontologia (CRO), CPF, n\u00famero do conselho de classe e registro no Cadastro Nacional de Estabelecimentos de Sa\u00fade (CNES).<\/p>\n\n\n\n<p>O cirurgi\u00e3o dentista, Vinicius Ferreira, de 34 anos, tomou a primeira dose da vacina e comemorou. \u201cEu me sinto aliviado e a vacina significa mais seguran\u00e7a, tanto para mim quanto para os meus pacientes\u201d, disse.<\/p>\n\n\n\n<p>A dentista Juliana Matos, de 36 anos, ressaltou que esperava ansiosa por esse momento. \u201cN\u00f3s n\u00e3o somos da linha de frente, mas somos considerados servi\u00e7os essenciais e lidamos diretamente com o p\u00fablico. A gente respira fundo e sente muito al\u00edvio e gratid\u00e3o por esse momento\u201d, falou.<\/p>\n\n\n\n<p>Com os indicadores da pandemia mostrando um plat\u00f4 epidemiol\u00f3gico na cidade e o avan\u00e7o da imuniza\u00e7\u00e3o, a expectativa do munic\u00edpio \u00e9 a de manter a situa\u00e7\u00e3o sob controle. Ainda assim, a Secretaria de Sa\u00fade reitera permanentemente a import\u00e2ncia de as pessoas respeitarem os protocolos de combate \u00e0 doen\u00e7a.<\/p>\n\n\n\n<p>Desde o in\u00edcio da pandemia da Covid-19, a Prefeitura de Maric\u00e1 adotou uma s\u00e9rie de medidas com o objetivo de reduzir a prolifera\u00e7\u00e3o da doen\u00e7a no munic\u00edpio.<\/p>\n\n\n\n<p>A cidade segue h\u00e1 v\u00e1rios meses no est\u00e1gio Amarelo 2, que garante o funcionamento dos estabelecimentos comerciais, desde que sigam as determina\u00e7\u00f5es do Decreto Municipal que estabelece verifica\u00e7\u00e3o da temperatura dos clientes, espa\u00e7o entre as mesas, higieniza\u00e7\u00e3o constante, dispenser com \u00e1lcool em gel e higieniza\u00e7\u00e3o constante do local, al\u00e9m de proibir m\u00fasica ao vivo ou eletr\u00f4nica com o objetivo de evitar aglomera\u00e7\u00f5es.<\/p>\n\n\n\n<p>O decreto determina ainda o uso de m\u00e1scaras em locais p\u00fablicos e no transporte coletivo por parte da popula\u00e7\u00e3o.&nbsp;A ocupa\u00e7\u00e3o dos dois hospitais municipais \u2013 Conde Modesto Leal e Dr. Ernesto Che Guevara \u2013 segundo o \u00faltimo boletim divulgado pela Secretaria de Sa\u00fade, tem 24,69% de ocupa\u00e7\u00e3o, sendo 16,83% de pacientes de outras cidades.<\/p>\n","protected":false},"excerpt":{"rendered":"<p>A Prefeitura de Maric\u00e1 recebeu nesta quarta-feira (10\/03) mais um lote de vacinas contra a Covid-19. Desta vez chegaram ao<\/p>\n","protected":false},"author":1,"featured_media":21377,"comment_status":"open","ping_status":"open","sticky":false,"template":"","format":"standard","meta":{"colormag_page_container_layout":"default_layout","colormag_page_sidebar_layout":"default_layout","footnotes":""},"categories":[18],"tags":[],"class_list":["post-21376","post","type-post","status-publish","format-standard","has-post-thumbnail","hentry","category-entretenimento"],"amp_enabled":true,"_links":{"self":[{"href":"https:\/\/maricatotal.com.br\/site\/wp-json\/wp\/v2\/posts\/21376","targetHints":{"allow":["GET"]}}],"collection":[{"href":"https:\/\/maricatotal.com.br\/site\/wp-json\/wp\/v2\/posts"}],"about":[{"href":"https:\/\/maricatotal.com.br\/site\/wp-json\/wp\/v2\/types\/post"}],"author":[{"embeddable":true,"href":"https:\/\/maricatotal.com.br\/site\/wp-json\/wp\/v2\/users\/1"}],"replies":[{"embeddable":true,"href":"https:\/\/maricatotal.com.br\/site\/wp-json\/wp\/v2\/comments?post=21376"}],"version-history":[{"count":1,"href":"https:\/\/maricatotal.com.br\/site\/wp-json\/wp\/v2\/posts\/21376\/revisions"}],"predecessor-version":[{"id":21378,"href":"https:\/\/maricatotal.com.br\/site\/wp-json\/wp\/v2\/posts\/21376\/revisions\/21378"}],"wp:featuredmedia":[{"embeddable":true,"href":"https:\/\/maricatotal.com.br\/site\/wp-json\/wp\/v2\/media\/21377"}],"wp:attachment":[{"href":"https:\/\/maricatotal.com.br\/site\/wp-json\/wp\/v2\/media?parent=21376"}],"wp:term":[{"taxonomy":"category","embeddable":true,"href":"https:\/\/maricatotal.com.br\/site\/wp-json\/wp\/v2\/categories?post=21376"},{"taxonomy":"post_tag","embeddable":true,"href":"https:\/\/maricatotal.com.br\/site\/wp-json\/wp\/v2\/tags?post=21376"}],"curies":[{"name":"wp","href":"https:\/\/api.w.org\/{rel}","templated":true}]}}