{"id":21440,"date":"2021-03-12T07:41:38","date_gmt":"2021-03-12T10:41:38","guid":{"rendered":"https:\/\/maricatotal.com.br\/site\/?p=21440"},"modified":"2021-03-12T07:41:39","modified_gmt":"2021-03-12T10:41:39","slug":"ceu-recebe-espetaculo-maria-100-anos","status":"publish","type":"post","link":"https:\/\/maricatotal.com.br\/site\/2021\/03\/12\/ceu-recebe-espetaculo-maria-100-anos\/","title":{"rendered":"CEU recebe espet\u00e1culo \u201cMaria! \u2013 100 ANOS\u201d"},"content":{"rendered":"\n<p>O Centro de Artes e Esportes Unificados (CEU), na Mumbuca, recebe no Dia Internacional da Poesia, celebrado no pr\u00f3ximo domingo (21\/03), a partir das 19h, o espet\u00e1culo \u201cMaria! \u2013 100 ANOS\u201d.<\/p>\n\n\n\n<p>O evento que conta com o apoio da Prefeitura de Maric\u00e1 ser\u00e1 transmitido pela internet, em tempo real, atrav\u00e9s das redes sociais da Secretaria de Cultura e do realizadores:&nbsp;<a href=\"http:\/\/facebook.com\/secretariadeculturamarica\">facebook.com\/secretariadeculturamarica<\/a>&nbsp;e&nbsp;<a href=\"http:\/\/facebook.com\/mariaoespetaculo\">facebook.com\/mariaoespetaculo<\/a>, respectivamente.<\/p>\n\n\n\n<p>Com dire\u00e7\u00e3o de Inez Vianna, a pe\u00e7a comemora o centen\u00e1rio do cronista e compositor Ant\u00f4nio Maria (1921-1964), \u00edcone do Rio de Janeiro nos chamados \u201cAnos Dourados\u201d, mostrando as cr\u00f4nicas e can\u00e7\u00f5es do poeta numa ambienta\u00e7\u00e3o de volta ao passado, para revisitar os momentos mais importantes da vida do autor.<\/p>\n\n\n\n<p>O tempo cronol\u00f3gico em cena, segundo o ator e dramaturgo Cl\u00e1udio Mendes, se d\u00e1 em um dia na vida de Maria, mais precisamente o dia do seu anivers\u00e1rio. E as lembran\u00e7as do personagem ao longo da data constroem uma biografia no palco que revela uma ampla vis\u00e3o de sua vida e obra.<\/p>\n\n\n\n<p>\u201cBusquei n\u00e3o mimetizar Ant\u00f4nio Maria, ou seja, n\u00e3o houve tentativa de reproduzir sotaques, trejeitos ou voz. Mas o texto todo \u00e9 dito em primeira pessoa. Ent\u00e3o, \u00e9 Ant\u00f4nio Maria na minha voz\u201d, explica o ator.<\/p>\n\n\n\n<p>Cl\u00e1udio conta ainda que sua alma \u2018colou\u2019 na de Maria desde a primeira leitura do texto e, por isso, quis emprestar ao personagem o seu melhor.<\/p>\n\n\n\n<p>\u201cNesse espet\u00e1culo, quero tentar traduzir para o teatro toda beleza, poesia, humor, acidez, ironia, gra\u00e7a das palavras deste grande cronista, poeta e compositor. E como ele me deu o melhor que havia nele, fazer isso chegar ao p\u00fablico\u201d, conclui. Para ele, vivemos o momento perfeito para se ouvir Ant\u00f4nio Maria: \u201cas pessoas precisam de sua paix\u00e3o\u201d, acredita o dramaturgo.<\/p>\n\n\n\n<p>No s\u00e1bado (20\/03), v\u00e9spera da apresenta\u00e7\u00e3o, o ator vai ministrar uma oficina teatral gratuita \u2013 \u201cMaria \u2013 Da Cr\u00f4nica \u00e0 Cena\u201d \u2013 das 16h \u00e0s 18h, tamb\u00e9m no CEU. Haver\u00e1 um total de 30 vagas e os interessados podem se inscrever pelo e-mail:&nbsp;<a href=\"mailto:oficinamarica@gmail.com\">oficinamarica@gmail.com<\/a>&nbsp;. A oficina \u00e9 voltada a todos que demonstram interesse em teatro e literatura, especialmente atores e autores.<\/p>\n\n\n\n<p>Servi\u00e7o: \u201cMARIA! \u2013 100 ANOS\u201d<\/p>\n\n\n\n<p>Local: Centro de Artes e Esportes Unificados (CEU)<\/p>\n\n\n\n<p>Data:&nbsp; Dia 21\/03 (domingo)<\/p>\n\n\n\n<p>Hor\u00e1rio: 19h (bate-papo ao final do espet\u00e1culo)<\/p>\n\n\n\n<p>Dura\u00e7\u00e3o: 50 min<\/p>\n\n\n\n<p>Lota\u00e7\u00e3o reduzida: 40 pessoas (Haver\u00e1 transmiss\u00e3o online)<\/p>\n\n\n\n<p>Classifica\u00e7\u00e3o: livre<\/p>\n\n\n\n<p>Endere\u00e7o do CEU: km 27,5 da RJ-106, na Mumbuca.<\/p>\n\n\n\n<p>Ficha t\u00e9cnica:<\/p>\n\n\n\n<p>Dramaturgia: Claudio Mendes<\/p>\n\n\n\n<p>Dire\u00e7\u00e3o: Inez Viana<\/p>\n\n\n\n<p>Elenco: Claudio Mendes, acompanhado ao violoncelo por Maria Clara Valle<\/p>\n\n\n\n<p>Assistente de dire\u00e7\u00e3o: Marta Paret<\/p>\n\n\n\n<p>Dire\u00e7\u00e3o musical: Ricardo G\u00f3es<\/p>\n\n\n\n<p>Ilumina\u00e7\u00e3o: Paulo C\u00e9sar Medeiros<\/p>\n\n\n\n<p>Figurino: Fl\u00e1vio Souza<\/p>\n","protected":false},"excerpt":{"rendered":"<p>O Centro de Artes e Esportes Unificados (CEU), na Mumbuca, recebe no Dia Internacional da Poesia, celebrado no pr\u00f3ximo domingo<\/p>\n","protected":false},"author":1,"featured_media":21441,"comment_status":"open","ping_status":"open","sticky":false,"template":"","format":"standard","meta":{"colormag_page_container_layout":"default_layout","colormag_page_sidebar_layout":"default_layout","footnotes":""},"categories":[18],"tags":[],"class_list":["post-21440","post","type-post","status-publish","format-standard","has-post-thumbnail","hentry","category-entretenimento"],"amp_enabled":true,"_links":{"self":[{"href":"https:\/\/maricatotal.com.br\/site\/wp-json\/wp\/v2\/posts\/21440","targetHints":{"allow":["GET"]}}],"collection":[{"href":"https:\/\/maricatotal.com.br\/site\/wp-json\/wp\/v2\/posts"}],"about":[{"href":"https:\/\/maricatotal.com.br\/site\/wp-json\/wp\/v2\/types\/post"}],"author":[{"embeddable":true,"href":"https:\/\/maricatotal.com.br\/site\/wp-json\/wp\/v2\/users\/1"}],"replies":[{"embeddable":true,"href":"https:\/\/maricatotal.com.br\/site\/wp-json\/wp\/v2\/comments?post=21440"}],"version-history":[{"count":1,"href":"https:\/\/maricatotal.com.br\/site\/wp-json\/wp\/v2\/posts\/21440\/revisions"}],"predecessor-version":[{"id":21442,"href":"https:\/\/maricatotal.com.br\/site\/wp-json\/wp\/v2\/posts\/21440\/revisions\/21442"}],"wp:featuredmedia":[{"embeddable":true,"href":"https:\/\/maricatotal.com.br\/site\/wp-json\/wp\/v2\/media\/21441"}],"wp:attachment":[{"href":"https:\/\/maricatotal.com.br\/site\/wp-json\/wp\/v2\/media?parent=21440"}],"wp:term":[{"taxonomy":"category","embeddable":true,"href":"https:\/\/maricatotal.com.br\/site\/wp-json\/wp\/v2\/categories?post=21440"},{"taxonomy":"post_tag","embeddable":true,"href":"https:\/\/maricatotal.com.br\/site\/wp-json\/wp\/v2\/tags?post=21440"}],"curies":[{"name":"wp","href":"https:\/\/api.w.org\/{rel}","templated":true}]}}