{"id":21453,"date":"2021-03-12T09:28:18","date_gmt":"2021-03-12T12:28:18","guid":{"rendered":"https:\/\/maricatotal.com.br\/site\/?p=21453"},"modified":"2021-03-12T09:28:19","modified_gmt":"2021-03-12T12:28:19","slug":"marica-abre-inscricoes-para-cursos-gratuitos-de-designer-de-sobrancelhas-e-depilacao","status":"publish","type":"post","link":"https:\/\/maricatotal.com.br\/site\/2021\/03\/12\/marica-abre-inscricoes-para-cursos-gratuitos-de-designer-de-sobrancelhas-e-depilacao\/","title":{"rendered":"Maric\u00e1 abre inscri\u00e7\u00f5es para cursos gratuitos de designer de sobrancelhas e depila\u00e7\u00e3o"},"content":{"rendered":"\n<p class=\"wp-block-paragraph\">A Secretaria de Trabalho de Maric\u00e1 abre nesta sexta-feira (12\/03) a partir das 9h, as inscri\u00e7\u00f5es para cursos gratuitos de designer de sobrancelhas e depila\u00e7\u00e3o. Os interessados devem acessar o link que estar\u00e1 dispon\u00edvel a partir do mesmo hor\u00e1rio na publica\u00e7\u00e3o de not\u00edcia correspondente no site da Prefeitura. (<a href=\"http:\/\/www.marica.rj.gov.br\/\"><strong><em>www.marica.rj.gov.br<\/em><\/strong><\/a>).<\/p>\n\n\n\n<p class=\"wp-block-paragraph\"><br>Os cursos s\u00e3o do Programa de Qualifica\u00e7\u00e3o Profissional e as vagas limitadas. Os candidatos precisam ter idade igual ou superior a 16 anos e ter no m\u00ednimo o 5\u00baano do Ensino Fundamental.<\/p>\n\n\n\n<p class=\"wp-block-paragraph\">Servi\u00e7o: Inscri\u00e7\u00f5es em cursos gratuitos<br>Data: 12\/03<br>Hor\u00e1rio: 9h.<br>Acesso:&nbsp;<a href=\"http:\/\/www.marica.rj.gov.br\/\"><strong>www.marica.rj.gov.br<\/strong><\/a><br>Curso: Designer de Sobrancelha<br>Total de horas: 32 horas<br>In\u00edcio previsto: 27\/03\/2021<\/p>\n\n\n\n<p class=\"wp-block-paragraph\">Documentos: (original e c\u00f3pia de todos): Identidade, CPF, comprovante de resid\u00eancia, comprovante de escolaridade e 01 foto 3\u00d74<br>Vagas: 12<br>Dura\u00e7\u00e3o do curso: 2 meses<br>Curso: Depila\u00e7\u00e3o<br>Total de horas: 54 horas<br>In\u00edcio previsto: 23\/03\/2021<br>Documentos: (original e c\u00f3pia de todos): Identidade, CPF, comprovante de resid\u00eancia, comprovante de escolaridade e 01 foto 3\u00d74<br>Total de vagas: 12 vagas<br>Dura\u00e7\u00e3o do curso: 4 meses e meio<\/p>\n","protected":false},"excerpt":{"rendered":"<p>A Secretaria de Trabalho de Maric\u00e1 abre nesta sexta-feira (12\/03) a partir das 9h, as inscri\u00e7\u00f5es para cursos gratuitos de<\/p>\n","protected":false},"author":1,"featured_media":21455,"comment_status":"open","ping_status":"open","sticky":false,"template":"","format":"standard","meta":{"colormag_page_container_layout":"default_layout","colormag_page_sidebar_layout":"default_layout","footnotes":""},"categories":[14],"tags":[],"class_list":["post-21453","post","type-post","status-publish","format-standard","has-post-thumbnail","hentry","category-bairros"],"amp_enabled":true,"_links":{"self":[{"href":"https:\/\/maricatotal.com.br\/site\/wp-json\/wp\/v2\/posts\/21453","targetHints":{"allow":["GET"]}}],"collection":[{"href":"https:\/\/maricatotal.com.br\/site\/wp-json\/wp\/v2\/posts"}],"about":[{"href":"https:\/\/maricatotal.com.br\/site\/wp-json\/wp\/v2\/types\/post"}],"author":[{"embeddable":true,"href":"https:\/\/maricatotal.com.br\/site\/wp-json\/wp\/v2\/users\/1"}],"replies":[{"embeddable":true,"href":"https:\/\/maricatotal.com.br\/site\/wp-json\/wp\/v2\/comments?post=21453"}],"version-history":[{"count":1,"href":"https:\/\/maricatotal.com.br\/site\/wp-json\/wp\/v2\/posts\/21453\/revisions"}],"predecessor-version":[{"id":21454,"href":"https:\/\/maricatotal.com.br\/site\/wp-json\/wp\/v2\/posts\/21453\/revisions\/21454"}],"wp:featuredmedia":[{"embeddable":true,"href":"https:\/\/maricatotal.com.br\/site\/wp-json\/wp\/v2\/media\/21455"}],"wp:attachment":[{"href":"https:\/\/maricatotal.com.br\/site\/wp-json\/wp\/v2\/media?parent=21453"}],"wp:term":[{"taxonomy":"category","embeddable":true,"href":"https:\/\/maricatotal.com.br\/site\/wp-json\/wp\/v2\/categories?post=21453"},{"taxonomy":"post_tag","embeddable":true,"href":"https:\/\/maricatotal.com.br\/site\/wp-json\/wp\/v2\/tags?post=21453"}],"curies":[{"name":"wp","href":"https:\/\/api.w.org\/{rel}","templated":true}]}}