{"id":21523,"date":"2021-03-15T08:09:56","date_gmt":"2021-03-15T11:09:56","guid":{"rendered":"https:\/\/maricatotal.com.br\/site\/?p=21523"},"modified":"2021-03-15T08:09:57","modified_gmt":"2021-03-15T11:09:57","slug":"homem-morre-em-acidente-de-moto-na-mumbuca","status":"publish","type":"post","link":"https:\/\/maricatotal.com.br\/site\/2021\/03\/15\/homem-morre-em-acidente-de-moto-na-mumbuca\/","title":{"rendered":"Homem morre em acidente de moto na Mumbuca"},"content":{"rendered":"\n<p>Um homem morreu em um grave acidente na madrugada desta segunda-feira, 15, na Rua Abreu Sodr\u00e9, na Mumbuca.<\/p>\n\n\n\n<p>Segundo informa\u00e7\u00f5es, o motociclista perdeu o controle da dire\u00e7\u00e3o e sofreu uma queda de moto. Com o impacto, ele acabou n\u00e3o resistindo e faleceu no local.<\/p>\n\n\n\n<p>O corpo ser\u00e1 encaminhado ao Instituto M\u00e9dico Legal, de Barreto, em Niter\u00f3i pelo Rabec\u00e3o da Defesa Civil Estadual. A identifica\u00e7\u00e3o n\u00e3o foi divulgada. <\/p>\n\n\n\n<figure class=\"wp-block-image size-large\"><img loading=\"lazy\" decoding=\"async\" width=\"1024\" height=\"472\" src=\"https:\/\/maricatotal.com.br\/site\/wp-content\/uploads\/2021\/03\/eZy_watermark_15-03-2021_08-04-04-1024x472.jpg\" alt=\"\" class=\"wp-image-21526\" srcset=\"https:\/\/maricatotal.com.br\/site\/wp-content\/uploads\/2021\/03\/eZy_watermark_15-03-2021_08-04-04-1024x472.jpg 1024w, https:\/\/maricatotal.com.br\/site\/wp-content\/uploads\/2021\/03\/eZy_watermark_15-03-2021_08-04-04-300x138.jpg 300w, https:\/\/maricatotal.com.br\/site\/wp-content\/uploads\/2021\/03\/eZy_watermark_15-03-2021_08-04-04-768x354.jpg 768w, https:\/\/maricatotal.com.br\/site\/wp-content\/uploads\/2021\/03\/eZy_watermark_15-03-2021_08-04-04.jpg 1280w\" sizes=\"auto, (max-width: 1024px) 100vw, 1024px\" \/><\/figure>\n","protected":false},"excerpt":{"rendered":"<p>Um homem morreu em um grave acidente na madrugada desta segunda-feira, 15, na Rua Abreu Sodr\u00e9, na Mumbuca. Segundo informa\u00e7\u00f5es,<\/p>\n","protected":false},"author":1,"featured_media":21527,"comment_status":"open","ping_status":"open","sticky":false,"template":"","format":"standard","meta":{"colormag_page_container_layout":"default_layout","colormag_page_sidebar_layout":"default_layout","footnotes":""},"categories":[14,1],"tags":[],"class_list":["post-21523","post","type-post","status-publish","format-standard","has-post-thumbnail","hentry","category-bairros","category-noticias"],"amp_enabled":true,"_links":{"self":[{"href":"https:\/\/maricatotal.com.br\/site\/wp-json\/wp\/v2\/posts\/21523","targetHints":{"allow":["GET"]}}],"collection":[{"href":"https:\/\/maricatotal.com.br\/site\/wp-json\/wp\/v2\/posts"}],"about":[{"href":"https:\/\/maricatotal.com.br\/site\/wp-json\/wp\/v2\/types\/post"}],"author":[{"embeddable":true,"href":"https:\/\/maricatotal.com.br\/site\/wp-json\/wp\/v2\/users\/1"}],"replies":[{"embeddable":true,"href":"https:\/\/maricatotal.com.br\/site\/wp-json\/wp\/v2\/comments?post=21523"}],"version-history":[{"count":1,"href":"https:\/\/maricatotal.com.br\/site\/wp-json\/wp\/v2\/posts\/21523\/revisions"}],"predecessor-version":[{"id":21529,"href":"https:\/\/maricatotal.com.br\/site\/wp-json\/wp\/v2\/posts\/21523\/revisions\/21529"}],"wp:featuredmedia":[{"embeddable":true,"href":"https:\/\/maricatotal.com.br\/site\/wp-json\/wp\/v2\/media\/21527"}],"wp:attachment":[{"href":"https:\/\/maricatotal.com.br\/site\/wp-json\/wp\/v2\/media?parent=21523"}],"wp:term":[{"taxonomy":"category","embeddable":true,"href":"https:\/\/maricatotal.com.br\/site\/wp-json\/wp\/v2\/categories?post=21523"},{"taxonomy":"post_tag","embeddable":true,"href":"https:\/\/maricatotal.com.br\/site\/wp-json\/wp\/v2\/tags?post=21523"}],"curies":[{"name":"wp","href":"https:\/\/api.w.org\/{rel}","templated":true}]}}