{"id":21537,"date":"2021-03-15T12:28:36","date_gmt":"2021-03-15T15:28:36","guid":{"rendered":"https:\/\/maricatotal.com.br\/site\/?p=21537"},"modified":"2021-03-15T12:28:37","modified_gmt":"2021-03-15T15:28:37","slug":"vereador-aldair-de-linda-sugere-funcionamento-de-farmacias-24-horas-nos-distritos","status":"publish","type":"post","link":"https:\/\/maricatotal.com.br\/site\/2021\/03\/15\/vereador-aldair-de-linda-sugere-funcionamento-de-farmacias-24-horas-nos-distritos\/","title":{"rendered":"Vereador Aldair de Linda sugere funcionamento de farm\u00e1cias 24 horas nos distritos"},"content":{"rendered":"\n<p>O vereador e presidente da C\u00e2mara, Aldair de Linda, fez uma importante sugest\u00e3o durante sess\u00e3o na C\u00e2mara de Maric\u00e1. Ele sugeriu que o funcionamento de, pelo menos, uma farm\u00e1cia 24 horas nos distritos da cidade. Ele citou a lei 2.486\/13 que j\u00e1 prev\u00ea o funcionamento das drogarias ininterruptamente.<\/p>\n\n\n\n<p>\u201cFa\u00e7o um apelo para que se fa\u00e7a cumprir a lei 2.486\/13. Temos muitas farm\u00e1cias no munic\u00edpio e isso \u00e9 bom porque gera emprego. Mas uma pessoa passa mal \u00e0 noite e n\u00e3o tem uma farm\u00e1cia aberta. Essa lei n\u00e3o est\u00e1 sendo cumprida.\u201d.<\/p>\n\n\n\n<p>Aldair sugeriu que os com\u00e9rcios n\u00e3o precisam ficar inteiramente abertos. Apenas com aquelas pequenas janelas e vidros blindados para manter a seguran\u00e7a dos funcion\u00e1rios.<\/p>\n","protected":false},"excerpt":{"rendered":"<p>O vereador e presidente da C\u00e2mara, Aldair de Linda, fez uma importante sugest\u00e3o durante sess\u00e3o na C\u00e2mara de Maric\u00e1. Ele<\/p>\n","protected":false},"author":1,"featured_media":21539,"comment_status":"open","ping_status":"open","sticky":false,"template":"","format":"standard","meta":{"colormag_page_container_layout":"default_layout","colormag_page_sidebar_layout":"default_layout","footnotes":""},"categories":[17],"tags":[],"class_list":["post-21537","post","type-post","status-publish","format-standard","has-post-thumbnail","hentry","category-politica"],"amp_enabled":true,"_links":{"self":[{"href":"https:\/\/maricatotal.com.br\/site\/wp-json\/wp\/v2\/posts\/21537","targetHints":{"allow":["GET"]}}],"collection":[{"href":"https:\/\/maricatotal.com.br\/site\/wp-json\/wp\/v2\/posts"}],"about":[{"href":"https:\/\/maricatotal.com.br\/site\/wp-json\/wp\/v2\/types\/post"}],"author":[{"embeddable":true,"href":"https:\/\/maricatotal.com.br\/site\/wp-json\/wp\/v2\/users\/1"}],"replies":[{"embeddable":true,"href":"https:\/\/maricatotal.com.br\/site\/wp-json\/wp\/v2\/comments?post=21537"}],"version-history":[{"count":1,"href":"https:\/\/maricatotal.com.br\/site\/wp-json\/wp\/v2\/posts\/21537\/revisions"}],"predecessor-version":[{"id":21540,"href":"https:\/\/maricatotal.com.br\/site\/wp-json\/wp\/v2\/posts\/21537\/revisions\/21540"}],"wp:featuredmedia":[{"embeddable":true,"href":"https:\/\/maricatotal.com.br\/site\/wp-json\/wp\/v2\/media\/21539"}],"wp:attachment":[{"href":"https:\/\/maricatotal.com.br\/site\/wp-json\/wp\/v2\/media?parent=21537"}],"wp:term":[{"taxonomy":"category","embeddable":true,"href":"https:\/\/maricatotal.com.br\/site\/wp-json\/wp\/v2\/categories?post=21537"},{"taxonomy":"post_tag","embeddable":true,"href":"https:\/\/maricatotal.com.br\/site\/wp-json\/wp\/v2\/tags?post=21537"}],"curies":[{"name":"wp","href":"https:\/\/api.w.org\/{rel}","templated":true}]}}