{"id":21545,"date":"2021-03-15T17:11:37","date_gmt":"2021-03-15T20:11:37","guid":{"rendered":"https:\/\/maricatotal.com.br\/site\/?p=21545"},"modified":"2021-03-15T17:11:38","modified_gmt":"2021-03-15T20:11:38","slug":"camara-tera-mais-comissoes-permanentes","status":"publish","type":"post","link":"https:\/\/maricatotal.com.br\/site\/2021\/03\/15\/camara-tera-mais-comissoes-permanentes\/","title":{"rendered":"C\u00e2mara ter\u00e1 mais comiss\u00f5es permanentes"},"content":{"rendered":"\n<p>Foi votado e aprovado, em primeiro turno, o projeto de resolu\u00e7\u00e3o que cria mais comiss\u00f5es permanentes na C\u00e2mara Municipal de Maric\u00e1. Al\u00e9m disso, houve desmembramento de algumas comiss\u00f5es unificadas, como era o caso da Comiss\u00e3o de Educa\u00e7\u00e3o e Sa\u00fade. A partir de agora, elas ser\u00e3o separadas. &nbsp;O projeto de resolu\u00e7\u00e3o prev\u00ea ainda que o vereador, inclusive o presidente da C\u00e2mara, poder\u00e1 integrar, pelo menos, uma comiss\u00e3o, desde que cumprido o Princ\u00edpio da Proporcionalidade Partid\u00e1ria. Foram criadas novas comiss\u00f5es objetivando atender melhor a popula\u00e7\u00e3o maricaense. Na pr\u00f3xima semana, dever\u00e3o ser definidas suas respectivas composi\u00e7\u00f5es.<\/p>\n\n\n\n<p>A partir de agora, a C\u00e2mara de Maric\u00e1 ter\u00e1 as seguintes comiss\u00f5es: Comiss\u00e3o de Justi\u00e7a e Reda\u00e7\u00e3o Final; Comiss\u00e3o de Organiza\u00e7\u00e3o do Munic\u00edpio; Comiss\u00e3o de Organiza\u00e7\u00e3o dos Poderes; Comiss\u00e3o da Administra\u00e7\u00e3o Tribut\u00e1ria, Financeira e Or\u00e7ament\u00e1ria; Comiss\u00e3o de Sa\u00fade; Comiss\u00e3o de Educa\u00e7\u00e3o, Comiss\u00e3o de Cultura; Comiss\u00e3o de Turismo; Comiss\u00e3o de Meio Ambiente e Desenvolvimento Sustent\u00e1vel; Comiss\u00e3o de Obras e Servi\u00e7os P\u00fablicos; Comiss\u00e3o de Tr\u00e2nsito e Transporte; Comiss\u00e3o de Agricultura, de Silvicultura, de Pesca, de Abastecimento e de Reforma Agr\u00e1ria; Comiss\u00e3o de Seguran\u00e7a P\u00fablica; Comiss\u00e3o de Desenvolvimento Econ\u00f4mico e Gest\u00e3o de Royaties; Comiss\u00e3o de Defesa do Consumidor; Comiss\u00e3o de Defesa dos Direitos da Pessoa com Defici\u00eancia; Comiss\u00e3o de Defesa dos Direitos da Mulher e Enfrentamento \u00e0 Viol\u00eancia; Comiss\u00e3o de Defesa e Prote\u00e7\u00e3o Animal; Comiss\u00e3o de Desportos e Lazer; Comiss\u00e3o de Defesa dos Direitos Humanos e da Cidadania; Comiss\u00e3o de Combate \u00e0s Discrimina\u00e7\u00f5es e Preconceitos de Ra\u00e7a, Cor, Etnia, Religi\u00e3o e Proced\u00eancia Nacional;<\/p>\n\n\n\n<p><strong>Vacina\u00e7\u00e3o \u2013<\/strong>&nbsp;Os vereadores parabenizaram o Poder Executivo Municipal pelo an\u00fancio da compra de vacinas contra o covid-19.<\/p>\n\n\n\n<p><strong>Mo\u00e7\u00f5es \u2013<\/strong>&nbsp;Foram votadas Mo\u00e7\u00f5es de aplausos e congratula\u00e7\u00f5es de autoria do vereador Hadesh \u00e0 deputada estadual do PT, Ros\u00e2ngela Zeidan; a Andressa Veronica da Silva Santos; a Medeiros Aquino; \u00e0 professora Marianne Mary Fonseca e a Marilza de Carvalho Horta.<\/p>\n","protected":false},"excerpt":{"rendered":"<p>Foi votado e aprovado, em primeiro turno, o projeto de resolu\u00e7\u00e3o que cria mais comiss\u00f5es permanentes na C\u00e2mara Municipal de<\/p>\n","protected":false},"author":1,"featured_media":21547,"comment_status":"open","ping_status":"open","sticky":false,"template":"","format":"standard","meta":{"colormag_page_container_layout":"default_layout","colormag_page_sidebar_layout":"default_layout","footnotes":""},"categories":[17],"tags":[],"class_list":["post-21545","post","type-post","status-publish","format-standard","has-post-thumbnail","hentry","category-politica"],"amp_enabled":true,"_links":{"self":[{"href":"https:\/\/maricatotal.com.br\/site\/wp-json\/wp\/v2\/posts\/21545","targetHints":{"allow":["GET"]}}],"collection":[{"href":"https:\/\/maricatotal.com.br\/site\/wp-json\/wp\/v2\/posts"}],"about":[{"href":"https:\/\/maricatotal.com.br\/site\/wp-json\/wp\/v2\/types\/post"}],"author":[{"embeddable":true,"href":"https:\/\/maricatotal.com.br\/site\/wp-json\/wp\/v2\/users\/1"}],"replies":[{"embeddable":true,"href":"https:\/\/maricatotal.com.br\/site\/wp-json\/wp\/v2\/comments?post=21545"}],"version-history":[{"count":1,"href":"https:\/\/maricatotal.com.br\/site\/wp-json\/wp\/v2\/posts\/21545\/revisions"}],"predecessor-version":[{"id":21548,"href":"https:\/\/maricatotal.com.br\/site\/wp-json\/wp\/v2\/posts\/21545\/revisions\/21548"}],"wp:featuredmedia":[{"embeddable":true,"href":"https:\/\/maricatotal.com.br\/site\/wp-json\/wp\/v2\/media\/21547"}],"wp:attachment":[{"href":"https:\/\/maricatotal.com.br\/site\/wp-json\/wp\/v2\/media?parent=21545"}],"wp:term":[{"taxonomy":"category","embeddable":true,"href":"https:\/\/maricatotal.com.br\/site\/wp-json\/wp\/v2\/categories?post=21545"},{"taxonomy":"post_tag","embeddable":true,"href":"https:\/\/maricatotal.com.br\/site\/wp-json\/wp\/v2\/tags?post=21545"}],"curies":[{"name":"wp","href":"https:\/\/api.w.org\/{rel}","templated":true}]}}