{"id":21584,"date":"2021-03-16T19:17:34","date_gmt":"2021-03-16T22:17:34","guid":{"rendered":"https:\/\/maricatotal.com.br\/site\/?p=21584"},"modified":"2021-03-16T19:17:35","modified_gmt":"2021-03-16T22:17:35","slug":"aldair-de-linda-fala-sobre-parceria-com-prefeito-fabiano-horta-e-comprometimento-com-o-povo-de-marica","status":"publish","type":"post","link":"https:\/\/maricatotal.com.br\/site\/2021\/03\/16\/aldair-de-linda-fala-sobre-parceria-com-prefeito-fabiano-horta-e-comprometimento-com-o-povo-de-marica\/","title":{"rendered":"Aldair de Linda fala sobre parceria com Prefeito Fabiano Horta e comprometimento com o povo de Maric\u00e1"},"content":{"rendered":"\n<p>Em um v\u00eddeo publicado em suas redes sociais, o Presidente da C\u00e2mara Municipal de Maric\u00e1 e vereador eleito mais votado, Aldair de Linda, falou sobre sua parceria antiga com o Prefeito Fabiano Horta e o comprometimento que a dupla tem com o povo de Maric\u00e1.<\/p>\n\n\n\n<p>No v\u00eddeo, Aldair conta da \u00e9poca em que Fabiano era vereador e a pedido do ex-prefeito de Maric\u00e1, Washington Quaqu\u00e1, decidiu apoia-lo como presidente da C\u00e2mara. Aldair explica que sempre confiou no trabalho de Fabiano e n\u00e3o hesitou em ajud\u00e1-lo, se tornando o vice-presidente da Casa de Leis e Fabiano, presidente.<\/p>\n\n\n\n<p>Atualmente Presidente da C\u00e2mara e Fabiano Horta, Prefeito da cidade, Aldair de Linda garante que a parceria continua e que h\u00e1 muita vontade dos dois de fazer Maric\u00e1 uma cidade modelo, com menos desemprego e mais universit\u00e1rios.<\/p>\n\n\n\n<p>O trabalho n\u00e3o para e os projetos para o desenvolvimento da cidade continuam a todo vapor. Aldair de Linda  e Fabiano trilham ainda mais mudan\u00e7as para a cidade.<\/p>\n\n\n\n<p>Assista ao v\u00eddeo completo: <a href=\"https:\/\/www.facebook.com\/1957756454435947\/posts\/2769744649903786\/?sfnsn=wiwspwa\">https:\/\/www.facebook.com\/1957756454435947\/posts\/2769744649903786\/?sfnsn=wiwspwa<\/a><\/p>\n","protected":false},"excerpt":{"rendered":"<p>Em um v\u00eddeo publicado em suas redes sociais, o Presidente da C\u00e2mara Municipal de Maric\u00e1 e vereador eleito mais votado,<\/p>\n","protected":false},"author":1,"featured_media":21586,"comment_status":"open","ping_status":"open","sticky":false,"template":"","format":"standard","meta":{"colormag_page_container_layout":"default_layout","colormag_page_sidebar_layout":"default_layout","footnotes":""},"categories":[14,17],"tags":[],"class_list":["post-21584","post","type-post","status-publish","format-standard","has-post-thumbnail","hentry","category-bairros","category-politica"],"amp_enabled":true,"_links":{"self":[{"href":"https:\/\/maricatotal.com.br\/site\/wp-json\/wp\/v2\/posts\/21584","targetHints":{"allow":["GET"]}}],"collection":[{"href":"https:\/\/maricatotal.com.br\/site\/wp-json\/wp\/v2\/posts"}],"about":[{"href":"https:\/\/maricatotal.com.br\/site\/wp-json\/wp\/v2\/types\/post"}],"author":[{"embeddable":true,"href":"https:\/\/maricatotal.com.br\/site\/wp-json\/wp\/v2\/users\/1"}],"replies":[{"embeddable":true,"href":"https:\/\/maricatotal.com.br\/site\/wp-json\/wp\/v2\/comments?post=21584"}],"version-history":[{"count":2,"href":"https:\/\/maricatotal.com.br\/site\/wp-json\/wp\/v2\/posts\/21584\/revisions"}],"predecessor-version":[{"id":21587,"href":"https:\/\/maricatotal.com.br\/site\/wp-json\/wp\/v2\/posts\/21584\/revisions\/21587"}],"wp:featuredmedia":[{"embeddable":true,"href":"https:\/\/maricatotal.com.br\/site\/wp-json\/wp\/v2\/media\/21586"}],"wp:attachment":[{"href":"https:\/\/maricatotal.com.br\/site\/wp-json\/wp\/v2\/media?parent=21584"}],"wp:term":[{"taxonomy":"category","embeddable":true,"href":"https:\/\/maricatotal.com.br\/site\/wp-json\/wp\/v2\/categories?post=21584"},{"taxonomy":"post_tag","embeddable":true,"href":"https:\/\/maricatotal.com.br\/site\/wp-json\/wp\/v2\/tags?post=21584"}],"curies":[{"name":"wp","href":"https:\/\/api.w.org\/{rel}","templated":true}]}}