{"id":21597,"date":"2021-03-17T07:39:49","date_gmt":"2021-03-17T10:39:49","guid":{"rendered":"https:\/\/maricatotal.com.br\/site\/?p=21597"},"modified":"2021-03-17T15:13:09","modified_gmt":"2021-03-17T18:13:09","slug":"mais-de-700-empresarios-beneficiados-pelo-fomenta-marica","status":"publish","type":"post","link":"https:\/\/maricatotal.com.br\/site\/2021\/03\/17\/mais-de-700-empresarios-beneficiados-pelo-fomenta-marica\/","title":{"rendered":"Mais de 700 empres\u00e1rios beneficiados pelo Fomenta Maric\u00e1"},"content":{"rendered":"\n<p>H\u00e1 dois meses, a loja Um Par de Sonhos funciona em novo endere\u00e7o, no Centro de Maric\u00e1, ampliada e com mais colaboradores. O que antes parecia distante virou realidade para os empres\u00e1rios Pedro dos Santos e Sabrina Figueiredo, propriet\u00e1rios do com\u00e9rcio gra\u00e7as ao cr\u00e9dito proporcionado pelo Fomenta Maric\u00e1, iniciativa de suporte econ\u00f4mico que levou ao casal e a mais de 700 empreendedores maricaenses, desde maio de 2020, linhas de cr\u00e9dito de at\u00e9 R$ 40 mil, com um ano de car\u00eancia a partir da contrata\u00e7\u00e3o e a juro zero. Durante esse per\u00edodo, mais de R$ 15 milh\u00f5es foram emprestados a empres\u00e1rios locais.<\/p>\n\n\n\n<p>Concebido pela Prefeitura e implementado pela Secretaria de Desenvolvimento Econ\u00f4mico, Com\u00e9rcio, Ind\u00fastria e Petr\u00f3leo, o Fomenta Maric\u00e1 tem o objetivo de ofertar cr\u00e9ditos produtivos para empresas e microempreendedores individuais locais. Disponibilizado emergencialmente como uma das medidas de combate aos efeitos da pandemia da Covid-19 no munic\u00edpio, o Fomenta Maric\u00e1 ofertou ao longo de 2020 tr\u00eas linhas de cr\u00e9dito, a primeira de microcr\u00e9dito a juro zero, de R$ 300 at\u00e9 R$ 21 mil, a segunda de R$ 21.001 at\u00e9 R$ 40 mil, com juros de 3% ao ano, e uma linha para o MEI de R$ 5 mil, todas com tarifas subsidiadas.<\/p>\n\n\n\n<p>A pol\u00edtica de cr\u00e9dito de Maric\u00e1, que tanto ajudou Pedro e Sabrina, inspirou a Agerio (empresa de economia mista, vinculada \u00e0 Secretaria de Estado de Desenvolvimento Econ\u00f4mico, Energia e Rela\u00e7\u00f5es Internacionais (SEDEERI) e tem como objetivo financiar desde micro a grandes empresas), contratada pela Prefeitura para tornar operacional o Fomenta Maric\u00e1 na cria\u00e7\u00e3o do programa Fomenta Munic\u00edpios. A iniciativa de Maric\u00e1 est\u00e1 inspirando outros munic\u00edpios do estado do Rio de Janeiro como Niter\u00f3i e Paraty.<\/p>\n\n\n\n<p>\u201cAs pol\u00edticas de cr\u00e9dito s\u00e3o fundamentais para o desenvolvimento econ\u00f4mico.&nbsp; Acreditamos muito que conjugando prote\u00e7\u00e3o \u00e0s empresas, empregos e incentivo \u00e0 produtividade, conseguiremos passar por esse momento e criar uma nova realidade\u201d, avalia o secret\u00e1rio de Desenvolvimento Econ\u00f4mico, Igor Sardinha. \u201cO Fomenta Maric\u00e1 nasceu antes mesmo da pandemia e ganhou destaque com as linhas de cr\u00e9dito emergenciais. A pol\u00edtica de cr\u00e9dito produtivo \u00e9 cont\u00ednua e nossa expectativa \u00e9 colher frutos no fortalecimento da economia local e a atra\u00e7\u00e3o de novas empresas para a cidade\u201d, completou Igor Sardinha.<\/p>\n\n\n\n<p>Pedro dos Santos, contou que o cr\u00e9dito de R$ 40 mil no Fomenta Maric\u00e1, que recebeu em julho de 2020 foi o diferencial para o seu neg\u00f3cio.&nbsp;\u201cQuando come\u00e7ou a pandemia as coisas ficaram um pouco dif\u00edceis para a gente, tivemos que nos adequar e fazer delivery. A idealiza\u00e7\u00e3o de todo comerciante \u00e9 sempre expandir, naquela \u00e9poca a nossa realidade era a possibilidade de fechar o estabelecimento, mas a\u00ed veio o cr\u00e9dito pelo Fomenta\u201d, analisa. \u201cO valor nos possibilitou fazer todas as adequa\u00e7\u00f5es na loja e inclusive a expandir, hoje funcionamos em um endere\u00e7o novo, com um espa\u00e7o muito maior e gerando mais empregos. Hoje eu tenho mais recursos, mais clientes e muito mais seguran\u00e7a para quem vem at\u00e9 a minha loja\u201d, disse o empres\u00e1rio Pedro dos Santos.<\/p>\n","protected":false},"excerpt":{"rendered":"<p>H\u00e1 dois meses, a loja Um Par de Sonhos funciona em novo endere\u00e7o, no Centro de Maric\u00e1, ampliada e com<\/p>\n","protected":false},"author":1,"featured_media":21598,"comment_status":"open","ping_status":"open","sticky":false,"template":"","format":"standard","meta":{"colormag_page_container_layout":"default_layout","colormag_page_sidebar_layout":"default_layout","footnotes":""},"categories":[18],"tags":[],"class_list":["post-21597","post","type-post","status-publish","format-standard","has-post-thumbnail","hentry","category-entretenimento"],"amp_enabled":true,"_links":{"self":[{"href":"https:\/\/maricatotal.com.br\/site\/wp-json\/wp\/v2\/posts\/21597","targetHints":{"allow":["GET"]}}],"collection":[{"href":"https:\/\/maricatotal.com.br\/site\/wp-json\/wp\/v2\/posts"}],"about":[{"href":"https:\/\/maricatotal.com.br\/site\/wp-json\/wp\/v2\/types\/post"}],"author":[{"embeddable":true,"href":"https:\/\/maricatotal.com.br\/site\/wp-json\/wp\/v2\/users\/1"}],"replies":[{"embeddable":true,"href":"https:\/\/maricatotal.com.br\/site\/wp-json\/wp\/v2\/comments?post=21597"}],"version-history":[{"count":1,"href":"https:\/\/maricatotal.com.br\/site\/wp-json\/wp\/v2\/posts\/21597\/revisions"}],"predecessor-version":[{"id":21599,"href":"https:\/\/maricatotal.com.br\/site\/wp-json\/wp\/v2\/posts\/21597\/revisions\/21599"}],"wp:featuredmedia":[{"embeddable":true,"href":"https:\/\/maricatotal.com.br\/site\/wp-json\/wp\/v2\/media\/21598"}],"wp:attachment":[{"href":"https:\/\/maricatotal.com.br\/site\/wp-json\/wp\/v2\/media?parent=21597"}],"wp:term":[{"taxonomy":"category","embeddable":true,"href":"https:\/\/maricatotal.com.br\/site\/wp-json\/wp\/v2\/categories?post=21597"},{"taxonomy":"post_tag","embeddable":true,"href":"https:\/\/maricatotal.com.br\/site\/wp-json\/wp\/v2\/tags?post=21597"}],"curies":[{"name":"wp","href":"https:\/\/api.w.org\/{rel}","templated":true}]}}