{"id":21741,"date":"2021-03-19T16:32:21","date_gmt":"2021-03-19T19:32:21","guid":{"rendered":"https:\/\/maricatotal.com.br\/site\/?p=21741"},"modified":"2021-03-19T16:35:37","modified_gmt":"2021-03-19T19:35:37","slug":"viaturas-do-proeis-de-marica-sao-padronizadas-e-recebem-giroflex-e-envelopamento","status":"publish","type":"post","link":"https:\/\/maricatotal.com.br\/site\/2021\/03\/19\/viaturas-do-proeis-de-marica-sao-padronizadas-e-recebem-giroflex-e-envelopamento\/","title":{"rendered":"Viaturas do PROEIS de Maric\u00e1 s\u00e3o padronizadas e recebem giroflex e envelopamento"},"content":{"rendered":"\n<p>Oito viaturas do Programa Estadual de Integra\u00e7\u00e3o na Seguran\u00e7a (PROEIS) de Maric\u00e1 receberam giroflex e envelopamento e foram entregues nesta sexta-feira (19).<\/p>\n\n\n\n<p>As pick-up&#8217;s receberam a caracteriza\u00e7\u00e3o com adesivos azuis no padr\u00e3o dos ve\u00edculos da Pol\u00edcia Militar do Estado do Rio de Janeiro, junto a giroflex e sirenes. <\/p>\n\n\n\n<p>Semanas atr\u00e1s, policias militares do PROEIS foram confundidos com assaltantes em uma a\u00e7\u00e3o que deixou um Policial Militar ferido em uma grande troca de tiros, devido ao carro est\u00e1 descaracterizado. <\/p>\n\n\n\n<p>Os carros seguem recebendo a padroniza\u00e7\u00e3o e ser\u00e3o entregues nas pr\u00f3ximas semanas. <\/p>\n\n\n\n<p>Foto: D\u00e9borah Manhanini &#8211; ErreJota Not\u00edcias<\/p>\n","protected":false},"excerpt":{"rendered":"<p>Oito viaturas do Programa Estadual de Integra\u00e7\u00e3o na Seguran\u00e7a (PROEIS) de Maric\u00e1 receberam giroflex e envelopamento e foram entregues nesta<\/p>\n","protected":false},"author":1,"featured_media":21742,"comment_status":"open","ping_status":"open","sticky":false,"template":"","format":"standard","meta":{"colormag_page_container_layout":"default_layout","colormag_page_sidebar_layout":"default_layout","footnotes":""},"categories":[1],"tags":[],"class_list":["post-21741","post","type-post","status-publish","format-standard","has-post-thumbnail","hentry","category-noticias"],"amp_enabled":true,"_links":{"self":[{"href":"https:\/\/maricatotal.com.br\/site\/wp-json\/wp\/v2\/posts\/21741","targetHints":{"allow":["GET"]}}],"collection":[{"href":"https:\/\/maricatotal.com.br\/site\/wp-json\/wp\/v2\/posts"}],"about":[{"href":"https:\/\/maricatotal.com.br\/site\/wp-json\/wp\/v2\/types\/post"}],"author":[{"embeddable":true,"href":"https:\/\/maricatotal.com.br\/site\/wp-json\/wp\/v2\/users\/1"}],"replies":[{"embeddable":true,"href":"https:\/\/maricatotal.com.br\/site\/wp-json\/wp\/v2\/comments?post=21741"}],"version-history":[{"count":5,"href":"https:\/\/maricatotal.com.br\/site\/wp-json\/wp\/v2\/posts\/21741\/revisions"}],"predecessor-version":[{"id":21747,"href":"https:\/\/maricatotal.com.br\/site\/wp-json\/wp\/v2\/posts\/21741\/revisions\/21747"}],"wp:featuredmedia":[{"embeddable":true,"href":"https:\/\/maricatotal.com.br\/site\/wp-json\/wp\/v2\/media\/21742"}],"wp:attachment":[{"href":"https:\/\/maricatotal.com.br\/site\/wp-json\/wp\/v2\/media?parent=21741"}],"wp:term":[{"taxonomy":"category","embeddable":true,"href":"https:\/\/maricatotal.com.br\/site\/wp-json\/wp\/v2\/categories?post=21741"},{"taxonomy":"post_tag","embeddable":true,"href":"https:\/\/maricatotal.com.br\/site\/wp-json\/wp\/v2\/tags?post=21741"}],"curies":[{"name":"wp","href":"https:\/\/api.w.org\/{rel}","templated":true}]}}