{"id":2184,"date":"2019-07-02T12:10:44","date_gmt":"2019-07-02T15:10:44","guid":{"rendered":"http:\/\/maricatotal.com.br\/site\/?p=2184"},"modified":"2019-07-02T12:10:46","modified_gmt":"2019-07-02T15:10:46","slug":"detran-nao-vai-mais-rebocar-carros-em-blitz-e-motoristas-terao-sete-dias-para-regularizar-situacao","status":"publish","type":"post","link":"https:\/\/maricatotal.com.br\/site\/2019\/07\/02\/detran-nao-vai-mais-rebocar-carros-em-blitz-e-motoristas-terao-sete-dias-para-regularizar-situacao\/","title":{"rendered":"DETRAN N\u00c3O VAI MAIS REBOCAR CARROS EM BLITZ, E MOTORISTAS TER\u00c3O SETE DIAS PARA REGULARIZAR SITUA\u00c7\u00c3O"},"content":{"rendered":"\n<p> Ap\u00f3s o prazo, as infra\u00e7\u00f5es ser\u00e3o automaticamente validadas no sistema e o ve\u00edculo ficar\u00e1 proibido de circular.<\/p>\n\n\n\n<p>RIO &#8211;\u00a0<strong>Motoristas<\/strong>\u00a0flagrados em <strong>blitz<\/strong>\u00a0n\u00e3o ter\u00e3o mais seus\u00a0<strong>carros rebocados<\/strong>\u00a0pelo Departamento de Tr\u00e2nsito do Estado do Rio de Janeiro (\u00a0<strong>Detran<\/strong>\u00a0) e ter\u00e3o sete dias para regularizarem a situa\u00e7\u00e3o do ve\u00edculo antes de serem proibidos de circular com ele. As novas regras constam na Lei 8427, que entrou em vigor nesta ter\u00e7a-feira.<\/p>\n\n\n\n<p>De autoria dos deputados Luiz Paulo, Fabio Silva e Subtenente Bernardo, o texto foi publicado na edi\u00e7\u00e3o desta ter\u00e7a-feira do Di\u00e1rio Oficial do Estado do Rio (Doerj). A lei determina que, caso infra\u00e7\u00f5es de tr\u00e2nsito sejam constatadas durante uma blitz e n\u00e3o seja poss\u00edvel sanar o problema na hora no local, os agentes do Detran dever\u00e3o o notificar os motoristas.<\/p>\n\n\n\n<p>A partir da\u00ed, os condutores ter\u00e3o o prazo de sete dias para comparecer com o ve\u00edculo a algum posto do departamento para que as irregularidades sejam sanadas. Ap\u00f3s esse prazo, as infra\u00e7\u00f5es ser\u00e3o automaticamente validadas no sistema e o ve\u00edculo ficar\u00e1 proibido de circular.<\/p>\n\n\n\n<p>Outra norma publicada na edi\u00e7\u00e3o desta ter\u00e7a-feira do Doerj \u00e9 a Lei 8426. Tamb\u00e9m criada por Luiz Paulo, ela determina que sejam filmadas as fiscaliza\u00e7\u00f5es veiculares e outras a\u00e7\u00f5es que possam resultar em multas realizadas por agentes do Detran. Al\u00e9m disso, o texto prev\u00ea que as filmagens realizadas sejam disponibilizadas para o condutor at\u00e9 15 dias depois da opera\u00e7\u00e3o.<\/p>\n\n\n\n<p>(O Globo)<\/p>\n","protected":false},"excerpt":{"rendered":"<p>Ap\u00f3s o prazo, as infra\u00e7\u00f5es ser\u00e3o automaticamente validadas no sistema e o ve\u00edculo ficar\u00e1 proibido de circular. RIO &#8211;\u00a0Motoristas\u00a0flagrados em<\/p>\n","protected":false},"author":1,"featured_media":2185,"comment_status":"open","ping_status":"open","sticky":false,"template":"","format":"standard","meta":{"colormag_page_container_layout":"default_layout","colormag_page_sidebar_layout":"default_layout","footnotes":""},"categories":[14],"tags":[],"class_list":["post-2184","post","type-post","status-publish","format-standard","has-post-thumbnail","hentry","category-bairros"],"amp_enabled":true,"_links":{"self":[{"href":"https:\/\/maricatotal.com.br\/site\/wp-json\/wp\/v2\/posts\/2184","targetHints":{"allow":["GET"]}}],"collection":[{"href":"https:\/\/maricatotal.com.br\/site\/wp-json\/wp\/v2\/posts"}],"about":[{"href":"https:\/\/maricatotal.com.br\/site\/wp-json\/wp\/v2\/types\/post"}],"author":[{"embeddable":true,"href":"https:\/\/maricatotal.com.br\/site\/wp-json\/wp\/v2\/users\/1"}],"replies":[{"embeddable":true,"href":"https:\/\/maricatotal.com.br\/site\/wp-json\/wp\/v2\/comments?post=2184"}],"version-history":[{"count":0,"href":"https:\/\/maricatotal.com.br\/site\/wp-json\/wp\/v2\/posts\/2184\/revisions"}],"wp:featuredmedia":[{"embeddable":true,"href":"https:\/\/maricatotal.com.br\/site\/wp-json\/wp\/v2\/media\/2185"}],"wp:attachment":[{"href":"https:\/\/maricatotal.com.br\/site\/wp-json\/wp\/v2\/media?parent=2184"}],"wp:term":[{"taxonomy":"category","embeddable":true,"href":"https:\/\/maricatotal.com.br\/site\/wp-json\/wp\/v2\/categories?post=2184"},{"taxonomy":"post_tag","embeddable":true,"href":"https:\/\/maricatotal.com.br\/site\/wp-json\/wp\/v2\/tags?post=2184"}],"curies":[{"name":"wp","href":"https:\/\/api.w.org\/{rel}","templated":true}]}}