{"id":2193,"date":"2019-07-03T06:17:42","date_gmt":"2019-07-03T09:17:42","guid":{"rendered":"http:\/\/maricatotal.com.br\/site\/?p=2193"},"modified":"2019-07-03T06:17:43","modified_gmt":"2019-07-03T09:17:43","slug":"festival-de-rock-invade-a-barra-no-fim-de-semana","status":"publish","type":"post","link":"https:\/\/maricatotal.com.br\/site\/2019\/07\/03\/festival-de-rock-invade-a-barra-no-fim-de-semana\/","title":{"rendered":"FESTIVAL DE ROCK INVADE A BARRA NO FIM DE SEMANA"},"content":{"rendered":"\n<p>O m\u00eas de julho come\u00e7a em Maric\u00e1 com um Festival de Rock entre os dias 5 e 7, em homenagem ao Dia Mundial do Rock, comemorado no dia 13 de julho. Realizado pela Secretaria de Cultura, o evento \u00e9 gratuito e ser\u00e1 realizado pela primeira vez no munic\u00edpio, na Barra de Maric\u00e1, entre as ruas 4 e 5, no estacionamento p\u00fablico Luiz Claudio Mamago. A programa\u00e7\u00e3o inicia \u00e0s 17h.<\/p>\n\n\n\n<p>Um dos destaques desse festival \u00e9 a banda Salte, muito pedida pelo p\u00fablico maricaense que curte rock\u00b4n\u00b4roll, que ter\u00e1 como convidados os cantores Val\u00e9rio Cazuza Cover, Renato Russo Cover e o quarteto Canto Cego, que ser\u00e1 uma das atra\u00e7\u00f5es do \u201cEspa\u00e7o Favela\u201d, no Rock in Rio 2019, no dia do Heavy Metal (04\/10).<\/p>\n\n\n\n<p>Da Favela da Mar\u00e9, o grupo, formado em 2010, coleciona os pr\u00eamios de primeiro lugar do Festival da Nova M\u00fasica Brasileira (2012) e do Planet Rock (2014). Roberta Dittz, vocalista do Canto Cego, formado ainda por Ruth Rosa, Magr\u00e3o e Rodrigo Solidade, tem uma hist\u00f3ria de amor com Maric\u00e1, onde morou e passou parte de sua inf\u00e2ncia e adolesc\u00eancia.&nbsp;<\/p>\n\n\n\n<p>\u201cEu cresci em Maric\u00e1 e a cidade foi meu territ\u00f3rio de descobertas. Desde crian\u00e7a tinha afinidade para as artes e pude estudar teatro, fazer aulas de Kung Fu, estudar ingl\u00eas, alem\u00e3o. Sempre com o acolhimento de uma cidade que mesmo pequena era cheia de possibilidades\u201d, conta ela, que em 2005 formou com outras meninas uma banda em Itaipua\u00e7u, a Femina. \u201cHoje, poder voltar tocando com o projeto que mais tenho dedicado a vida, que \u00e9 a Canto Cego, \u00e9 uma grande honra. Estamos na trilha sonora de Malha\u00e7\u00e3o e no line-up do Rock in Rio\u201d, declarou a vocalista.&nbsp;<\/p>\n\n\n\n<p>Dentre outras atra\u00e7\u00f5es locais e convidadas, consta na programa\u00e7\u00e3o shows das bandas Pacto Social, Lacrau, Aocais, RJ 106 e Thunderock, al\u00e9m da apresenta\u00e7\u00e3o de Dj\u00b4s, dentre outras.&nbsp;<\/p>\n\n\n\n<p>\u201cA Prefeitura de Maric\u00e1 aposta numa cidade multicultural, onde toda express\u00e3o \u00e9 fomentada e estimulada. Tendo essa vis\u00e3o, realizamos o 1\u00ba Festival de Rock trazendo artistas que representar\u00e3o o rock nacional dos anos 80 e tamb\u00e9m a nova gera\u00e7\u00e3o do rock brasileiro\u201d, avalia a&nbsp;secret\u00e1ria de Cultura, Andrea Cunha.&nbsp;&nbsp;<\/p>\n\n\n\n<p><strong>Programa\u00e7\u00e3o das Bandas<\/strong><\/p>\n\n\n\n<ul class=\"wp-block-list\"><li><strong>Sexta feira \u2013 dia 05\/07<\/strong><\/li><\/ul>\n\n\n\n<p>17h \u2013 Inicio do Evento M\u00fasica Ambiente e Locutor<\/p>\n\n\n\n<p>DJ Acqua \/&nbsp;Thunderock \/&nbsp;DJ Acqua \/&nbsp;F\u00e1bio Madureira \/&nbsp;DJ Acqua \/&nbsp;RJ 106 \/&nbsp;DJ Acqua \/&nbsp;Paul Rock \/&nbsp;DJ Acqua \/&nbsp;Canto Cego \/&nbsp;DJ Acqua \/&nbsp;G\u00eanero \/&nbsp;DJ Acqua<\/p>\n\n\n\n<ul class=\"wp-block-list\"><li><strong>S\u00e1bado \u2013 dia 06\/07<\/strong><\/li><\/ul>\n\n\n\n<p>17h \u2013 Inicio do Evento M\u00fasica Ambiente e Locutor<\/p>\n\n\n\n<p>ZonaZil \/&nbsp;DJ Jenesys \/&nbsp;Salte \/&nbsp;DJ Jenesys \/&nbsp;Thiago Dantas \/&nbsp;DJ Jenesys \/&nbsp;Aocais \/&nbsp;DJ Jenesys \/&nbsp;Lacrau \/&nbsp;DJ Jenesys \/&nbsp;Val\u00e9rio Cazuza Cover \/&nbsp;DJ Jenesys&nbsp;<\/p>\n\n\n\n<ul class=\"wp-block-list\"><li><strong>Domingo \u2013 dia 07\/07<\/strong><\/li><\/ul>\n\n\n\n<p>17h \u2013 Inicio do Evento M\u00fasica Ambiente e Locutor<\/p>\n\n\n\n<p>DJ Phillipe Ricardo \/&nbsp;Fabi \/&nbsp;DJ&nbsp; Phillipe Ricardo \/&nbsp;Lucas Cruz \/&nbsp;DJ Phillipe Ricardo \/&nbsp;Renato Russo Cover \/&nbsp;DJ Phillipe Ricardo \/&nbsp;Lalinha Walas \/&nbsp;DJ Phillipe Ricardo \/&nbsp;Ph\u00e9gasus \/&nbsp;DJ Phillipe Ricardo \/&nbsp;Pacto Social<\/p>\n","protected":false},"excerpt":{"rendered":"<p>O m\u00eas de julho come\u00e7a em Maric\u00e1 com um Festival de Rock entre os dias 5 e 7, em homenagem<\/p>\n","protected":false},"author":1,"featured_media":2194,"comment_status":"open","ping_status":"open","sticky":false,"template":"","format":"standard","meta":{"colormag_page_container_layout":"default_layout","colormag_page_sidebar_layout":"default_layout","footnotes":""},"categories":[18],"tags":[],"class_list":["post-2193","post","type-post","status-publish","format-standard","has-post-thumbnail","hentry","category-entretenimento"],"amp_enabled":true,"_links":{"self":[{"href":"https:\/\/maricatotal.com.br\/site\/wp-json\/wp\/v2\/posts\/2193","targetHints":{"allow":["GET"]}}],"collection":[{"href":"https:\/\/maricatotal.com.br\/site\/wp-json\/wp\/v2\/posts"}],"about":[{"href":"https:\/\/maricatotal.com.br\/site\/wp-json\/wp\/v2\/types\/post"}],"author":[{"embeddable":true,"href":"https:\/\/maricatotal.com.br\/site\/wp-json\/wp\/v2\/users\/1"}],"replies":[{"embeddable":true,"href":"https:\/\/maricatotal.com.br\/site\/wp-json\/wp\/v2\/comments?post=2193"}],"version-history":[{"count":0,"href":"https:\/\/maricatotal.com.br\/site\/wp-json\/wp\/v2\/posts\/2193\/revisions"}],"wp:featuredmedia":[{"embeddable":true,"href":"https:\/\/maricatotal.com.br\/site\/wp-json\/wp\/v2\/media\/2194"}],"wp:attachment":[{"href":"https:\/\/maricatotal.com.br\/site\/wp-json\/wp\/v2\/media?parent=2193"}],"wp:term":[{"taxonomy":"category","embeddable":true,"href":"https:\/\/maricatotal.com.br\/site\/wp-json\/wp\/v2\/categories?post=2193"},{"taxonomy":"post_tag","embeddable":true,"href":"https:\/\/maricatotal.com.br\/site\/wp-json\/wp\/v2\/tags?post=2193"}],"curies":[{"name":"wp","href":"https:\/\/api.w.org\/{rel}","templated":true}]}}