{"id":22021,"date":"2021-03-25T20:25:54","date_gmt":"2021-03-25T23:25:54","guid":{"rendered":"https:\/\/maricatotal.com.br\/site\/?p=22021"},"modified":"2021-03-25T20:25:55","modified_gmt":"2021-03-25T23:25:55","slug":"marica-entra-na-bandeira-laranja-a-partir-desta-sexta-feira-26","status":"publish","type":"post","link":"https:\/\/maricatotal.com.br\/site\/2021\/03\/25\/marica-entra-na-bandeira-laranja-a-partir-desta-sexta-feira-26\/","title":{"rendered":"Maric\u00e1 entra na Bandeira Laranja a partir desta sexta-feira (26)"},"content":{"rendered":"\n<p>A partir desta sexta-feira (26\/03) o munic\u00edpio de Maric\u00e1 retorna \u00e0 Bandeira Laranja, anunciada pelo prefeito na \u00faltima ter\u00e7a-feira (23\/03). Com isso, voltam as medidas de restri\u00e7\u00e3o para frear a expans\u00e3o da pandemia da Covid-19 implementadas quando a cidade entrou neste est\u00e1gio pela primeira vez, ano passado.<\/p>\n\n\n\n<p>Pelas normas funcionar\u00e3o no per\u00edodo do decreto apenas os servi\u00e7os considerados essenciais, mas o est\u00e1gio tamb\u00e9m significa o retorno das barreiras sanit\u00e1rias em pontos estrat\u00e9gicos da cidade e a proibi\u00e7\u00e3o de perman\u00eancia de indiv\u00edduos nas vias, \u00e1reas e pra\u00e7as p\u00fablicas no hor\u00e1rio das 23h \u00e0s 5h. As novas regras ficam vigentes at\u00e9 o dia 05\/04.<\/p>\n\n\n\n<p>De acordo com o que prev\u00ea a bandeira Laranja, est\u00e3o permitidos o funcionamento de hospitais e laborat\u00f3rios; farm\u00e1cias; padarias, supermercados; postos de combust\u00edvel; lojas de conveni\u00eancia; bancos e lot\u00e9ricas; correios; a\u00e7ougues; avi\u00e1rios; hortifrutis; cl\u00ednicas veterin\u00e1rias; oficinas mec\u00e2nicas, com\u00e9rcios varejistas de alimenta\u00e7\u00e3o animal. A bandeira, no entanto, permite a pr\u00e1tica de atividades f\u00edsicas individuais nos espa\u00e7os p\u00fablicos na cidade. As praias est\u00e3o fechadas e o banho de mar est\u00e1 proibido.<\/p>\n\n\n\n<p>J\u00e1 outros servi\u00e7os considerados essenciais poder\u00e3o funcionar com restri\u00e7\u00e3o, somente com retirada no local e\/ou delivery: bares; restaurantes; lanchonetes, cafeterias, docerias e similares; lojas de autope\u00e7as; distribuidoras de \u00e1gua e g\u00e1s; oficinas mec\u00e2nicas e borracharias (estas somente com agendamento individual e com portas fechadas). J\u00e1 os estabelecimentos religiosos podem ficar abertos, mas tem autoriza\u00e7\u00e3o para funcionar com no m\u00e1ximo 30% da capacidade.<\/p>\n\n\n\n<p>O novo decreto reitera a obriga\u00e7\u00e3o do uso de m\u00e1scaras e pro\u00edbe festas e aglomera\u00e7\u00f5es; eventos sociais; al\u00e9m da perman\u00eancia em vias, \u00e1reas e pra\u00e7as p\u00fablicas das 23h \u00e0s 5h. Est\u00e1 proibido o funcionamento de com\u00e9rcios e servi\u00e7os n\u00e3o essenciais como sal\u00e3o de beleza e academias, por exemplo; estacionar ve\u00edculos na orla das praias (exceto moradores com comprovante de resid\u00eancia colocado \u00e0 vista dos fiscais e o ve\u00edculo com placa da cidade) e esportes coletivos em espa\u00e7os p\u00fablicos.<\/p>\n\n\n\n<p>As equipes compostas pelos Fiscais de Posturas, Tributos, Guarda Municipal, Fiscal de Meio Ambiente e Vigil\u00e2ncia Sanit\u00e1ria, encarregadas de fiscalizar o cumprimento do decreto t\u00eam a prerrogativa de aplicar multas a quem descumprir as regras. Para a pessoa f\u00edsica, o valor \u00e9 de R$ 50 (cinquenta reais). J\u00e1 para a pessoa jur\u00eddica, o valor \u00e9 de R$ 500 (quinhentos reais). A cada reincid\u00eancia, haver\u00e1 a dobra do valor da multa anteriormente aplicada. Com a segunda reincid\u00eancia a pessoa jur\u00eddica ser\u00e1 descredenciada do programa Renda B\u00e1sica de Cidadania (RBC).<\/p>\n\n\n\n<p>Tamb\u00e9m nesta sexta-feira (26\/03) todas as unidades de Sa\u00fade funcionar\u00e3o normalmente, mantendo os&nbsp;agendamentos de consultas e exames j\u00e1 programados anteriormente e a programa\u00e7\u00e3o prossegue nos dias&nbsp;26\/03, 29\/03, 30\/03 e 31\/03 nos seus hor\u00e1rios habituais:&nbsp;unidades da Estrat\u00e9gia Sa\u00fade da Fam\u00edlia-USF, Posto de Sa\u00fade Central-PSC, Centro de Diagn\u00f3stico e Tratamento (CDT), Servi\u00e7os do Ambulat\u00f3rio de Especialidades (em funcionamento tempor\u00e1rio no CDT e PSC), Servi\u00e7o de Atendimento Especializado-SAE, Centro de Acolhimento e Testagem-CTA e Centro de Especialidades Odontol\u00f3gicas-CEO.<\/p>\n\n\n\n<p>Al\u00e9m disso, todos os Polos de Vacina\u00e7\u00e3o (<a href=\"https:\/\/www.marica.rj.gov.br\/wp-content\/uploads\/2021\/03\/ATUALIZA%C3%87%C3%83O-SAUDE.pdf\">veja aqui a rela\u00e7\u00e3o<\/a>) funcionar\u00e3o nos dias 26\/03, 29\/03, 30\/03, 31\/03, 01\/04 e 02\/04.<\/p>\n","protected":false},"excerpt":{"rendered":"<p>A partir desta sexta-feira (26\/03) o munic\u00edpio de Maric\u00e1 retorna \u00e0 Bandeira Laranja, anunciada pelo prefeito na \u00faltima ter\u00e7a-feira (23\/03).<\/p>\n","protected":false},"author":1,"featured_media":22022,"comment_status":"open","ping_status":"open","sticky":false,"template":"","format":"standard","meta":{"colormag_page_container_layout":"default_layout","colormag_page_sidebar_layout":"default_layout","footnotes":""},"categories":[14,17],"tags":[],"class_list":["post-22021","post","type-post","status-publish","format-standard","has-post-thumbnail","hentry","category-bairros","category-politica"],"amp_enabled":true,"_links":{"self":[{"href":"https:\/\/maricatotal.com.br\/site\/wp-json\/wp\/v2\/posts\/22021","targetHints":{"allow":["GET"]}}],"collection":[{"href":"https:\/\/maricatotal.com.br\/site\/wp-json\/wp\/v2\/posts"}],"about":[{"href":"https:\/\/maricatotal.com.br\/site\/wp-json\/wp\/v2\/types\/post"}],"author":[{"embeddable":true,"href":"https:\/\/maricatotal.com.br\/site\/wp-json\/wp\/v2\/users\/1"}],"replies":[{"embeddable":true,"href":"https:\/\/maricatotal.com.br\/site\/wp-json\/wp\/v2\/comments?post=22021"}],"version-history":[{"count":1,"href":"https:\/\/maricatotal.com.br\/site\/wp-json\/wp\/v2\/posts\/22021\/revisions"}],"predecessor-version":[{"id":22023,"href":"https:\/\/maricatotal.com.br\/site\/wp-json\/wp\/v2\/posts\/22021\/revisions\/22023"}],"wp:featuredmedia":[{"embeddable":true,"href":"https:\/\/maricatotal.com.br\/site\/wp-json\/wp\/v2\/media\/22022"}],"wp:attachment":[{"href":"https:\/\/maricatotal.com.br\/site\/wp-json\/wp\/v2\/media?parent=22021"}],"wp:term":[{"taxonomy":"category","embeddable":true,"href":"https:\/\/maricatotal.com.br\/site\/wp-json\/wp\/v2\/categories?post=22021"},{"taxonomy":"post_tag","embeddable":true,"href":"https:\/\/maricatotal.com.br\/site\/wp-json\/wp\/v2\/tags?post=22021"}],"curies":[{"name":"wp","href":"https:\/\/api.w.org\/{rel}","templated":true}]}}