{"id":22158,"date":"2021-03-29T16:17:12","date_gmt":"2021-03-29T19:17:12","guid":{"rendered":"https:\/\/maricatotal.com.br\/site\/?p=22158"},"modified":"2021-03-29T16:17:13","modified_gmt":"2021-03-29T19:17:13","slug":"saude-promove-acao-pelo-mes-da-mulher-com-coordenadoras-da-rede-de-urgencia-e-emergencia","status":"publish","type":"post","link":"https:\/\/maricatotal.com.br\/site\/2021\/03\/29\/saude-promove-acao-pelo-mes-da-mulher-com-coordenadoras-da-rede-de-urgencia-e-emergencia\/","title":{"rendered":"Sa\u00fade promove a\u00e7\u00e3o pelo m\u00eas da mulher com coordenadoras da Rede de Urg\u00eancia e Emerg\u00eancia"},"content":{"rendered":"\n<p>A Secretaria de Sa\u00fade promoveu, na \u00faltima semana, uma confraterniza\u00e7\u00e3o em comemora\u00e7\u00e3o ao m\u00eas da mulher para as coordenadoras das unidades de urg\u00eancia e emerg\u00eancia do munic\u00edpio. A reuni\u00e3o realizada teve como tema \u201cencontro de mulheres inspiradoras\u201d.<\/p>\n\n\n\n<p>\u201c\u00c9 muito importante hoje estar representando a Secretaria de Sa\u00fade de Maric\u00e1, como mulher, como m\u00e9dica, e representar todas as lideran\u00e7as que fazem parte da sa\u00fade. Essas mulheres que acordam para trabalhar, deixam as suas fam\u00edlias, seus filhos, passam por tantos obst\u00e1culos, e que durante essa pandemia t\u00eam mostrado sua verdadeira lideran\u00e7a, seu trabalho na linha de frente e na retaguarda\u201d, disse a secret\u00e1ria de Sa\u00fade Simone Costa.&nbsp;\u201cEstamos levando uma bandeira de paz, amor e esperan\u00e7a. Esperan\u00e7a de que dias melhores v\u00e3o vir, que n\u00f3s vamos ter mais tempo com nossos familiares e vamos poder abra\u00e7ar e beijar mais. Esse \u00e9 o momento da gente ter f\u00e9, e, \u00e9 essa f\u00e9 que nos move, que fez cada uma chegar at\u00e9 aqui e crescer\u201d, acrescentou.<\/p>\n\n\n\n<p>A programa\u00e7\u00e3o, que foi realizada no Centro de Artes e Esportes Unificados \u2013 CEU (Mumbuca), contou com apresenta\u00e7\u00f5es culturais, palestra da coach em lideran\u00e7a Alessandra Seixas e com atividades de bem-estar e beleza com massoterapia e dicas de automaquiagem.&nbsp;O evento contou com a participa\u00e7\u00e3o tamb\u00e9m da primeira dama do munic\u00edpio Rosana Horta<\/p>\n\n\n\n<p>\u201cEssa \u00e9 uma data que mexe muito comigo, porque a luta pelos direitos da mulher \u00e9 longa e \u00e1rdua. Tenho orgulho de dizer que somos a maioria dentro das unidades em Maric\u00e1 e tamb\u00e9m em outros munic\u00edpios em que nossa Organiza\u00e7\u00e3o Social atua. N\u00e3o poder\u00edamos deixar de realizar esse encontro com parte de nossas equipes, porque \u00e9 um momento de uni\u00e3o onde refletimos sobre quem queremos ser e onde podemos chegar\u201d, destacou a diretora administrativa de uma organiza\u00e7\u00e3o social contratada da Sa\u00fade, Larissa Cordeiro.<\/p>\n\n\n\n<p>A confraterniza\u00e7\u00e3o foi realizada seguindo os protocolos sanit\u00e1rios da Covid-19.&nbsp;&nbsp;Dentro da programa\u00e7\u00e3o cultural, mulheres se apresentaram com poemas, can\u00e7\u00f5es e representatividade. Heliza Ribeiro declamou o poema \u2018Vozes das mulheres\u2019, da Concei\u00e7\u00e3o Evaristo, acompanhada do Pedro Szigethy no Violoncelo. \u201cNothinh\u201d, poema da Patr\u00edcia Rehder Galv\u00e3o, conhecida como Pagu, foi declamado pela artista T\u00e2mara Rocha. A cantora Dalva Alves e o m\u00fasico Silas Junior animaram as participantes com voz e viol\u00e3o. A dupla \u00e9 volunt\u00e1ria no projeto Humanizarte, realizado pelo setor de Humaniza\u00e7\u00e3o nas enfermarias do Hospital Municipal Conde Modesto Leal.<\/p>\n","protected":false},"excerpt":{"rendered":"<p>A Secretaria de Sa\u00fade promoveu, na \u00faltima semana, uma confraterniza\u00e7\u00e3o em comemora\u00e7\u00e3o ao m\u00eas da mulher para as coordenadoras das<\/p>\n","protected":false},"author":1,"featured_media":22159,"comment_status":"open","ping_status":"open","sticky":false,"template":"","format":"standard","meta":{"colormag_page_container_layout":"default_layout","colormag_page_sidebar_layout":"default_layout","footnotes":""},"categories":[18],"tags":[],"class_list":["post-22158","post","type-post","status-publish","format-standard","has-post-thumbnail","hentry","category-entretenimento"],"amp_enabled":true,"_links":{"self":[{"href":"https:\/\/maricatotal.com.br\/site\/wp-json\/wp\/v2\/posts\/22158","targetHints":{"allow":["GET"]}}],"collection":[{"href":"https:\/\/maricatotal.com.br\/site\/wp-json\/wp\/v2\/posts"}],"about":[{"href":"https:\/\/maricatotal.com.br\/site\/wp-json\/wp\/v2\/types\/post"}],"author":[{"embeddable":true,"href":"https:\/\/maricatotal.com.br\/site\/wp-json\/wp\/v2\/users\/1"}],"replies":[{"embeddable":true,"href":"https:\/\/maricatotal.com.br\/site\/wp-json\/wp\/v2\/comments?post=22158"}],"version-history":[{"count":1,"href":"https:\/\/maricatotal.com.br\/site\/wp-json\/wp\/v2\/posts\/22158\/revisions"}],"predecessor-version":[{"id":22160,"href":"https:\/\/maricatotal.com.br\/site\/wp-json\/wp\/v2\/posts\/22158\/revisions\/22160"}],"wp:featuredmedia":[{"embeddable":true,"href":"https:\/\/maricatotal.com.br\/site\/wp-json\/wp\/v2\/media\/22159"}],"wp:attachment":[{"href":"https:\/\/maricatotal.com.br\/site\/wp-json\/wp\/v2\/media?parent=22158"}],"wp:term":[{"taxonomy":"category","embeddable":true,"href":"https:\/\/maricatotal.com.br\/site\/wp-json\/wp\/v2\/categories?post=22158"},{"taxonomy":"post_tag","embeddable":true,"href":"https:\/\/maricatotal.com.br\/site\/wp-json\/wp\/v2\/tags?post=22158"}],"curies":[{"name":"wp","href":"https:\/\/api.w.org\/{rel}","templated":true}]}}