{"id":22186,"date":"2021-03-30T10:54:31","date_gmt":"2021-03-30T13:54:31","guid":{"rendered":"https:\/\/maricatotal.com.br\/site\/?p=22186"},"modified":"2021-03-30T10:54:32","modified_gmt":"2021-03-30T13:54:32","slug":"marica-tem-mais-quatro-polos-de-vacinacao-contra-a-covid-19","status":"publish","type":"post","link":"https:\/\/maricatotal.com.br\/site\/2021\/03\/30\/marica-tem-mais-quatro-polos-de-vacinacao-contra-a-covid-19\/","title":{"rendered":"Maric\u00e1 tem mais quatro polos de vacina\u00e7\u00e3o contra a Covid-19"},"content":{"rendered":"\n<p>Come\u00e7aram a funcionar nesta segunda-feira (29\/03) os quatro novos pontos de vacina\u00e7\u00e3o contra a Covid-19, localizados nas unidades de Estrat\u00e9gia da Fam\u00edlia (ESF) S\u00e3o Jos\u00e9 2 (Estrada da Cachoeira), Marinel\u00e2ndia, Ch\u00e1caras de Ino\u00e3 e Itaipua\u00e7u.&nbsp;Com isso, a cidade passa a contar com oito polos de imuniza\u00e7\u00e3o, al\u00e9m de duas unidades drive thru, instaladas no Aeroporto Municipal, em Ara\u00e7atiba, e a outra no Centro Administrativo da Prefeitura, em Itaipua\u00e7u.<\/p>\n\n\n\n<p>Esta segunda vacina\u00e7\u00e3o foi para idosos com 72 anos ou mais. J\u00e1 na ter\u00e7a-feira (30\/03), ser\u00e1 a vez \u00e9 dos idosos com 70 anos ou mais que poder\u00e3o tomar a primeira dose da vacina.<\/p>\n\n\n\n<p>Segundo a secret\u00e1ria de Sa\u00fade de Maric\u00e1 Simone Costa, a abertura de mais polos \u00e9 para evitar aglomera\u00e7\u00f5es na vacina\u00e7\u00e3o e facilitar o deslocamento dos moradores.<\/p>\n\n\n\n<p>\u201cA abertura de mais polos \u00e9 muito importante. As idades est\u00e3o diminuindo, o n\u00famero de pessoas est\u00e1 aumentando e com mais polos dispon\u00edveis n\u00e3o teremos problemas com aglomera\u00e7\u00f5es na hora da vacina\u00e7\u00e3o. A gente aumenta a capacidade e, quando ampliarmos a imuniza\u00e7\u00e3o, mais polos ser\u00e3o criados, assim conseguimos atuar bem nos quatro distritos e o drive thru para quem tem carro, conseguimos vacinar mais r\u00e1pido\u201d, afirmou.<\/p>\n\n\n\n<p>Arlinda Gomes de Freitas, de 76 anos, foi at\u00e9 \u00e0 Unidade de Sa\u00fade da Fam\u00edlia, perto de sua casa, em Ino\u00e3, para tomar a primeira dose da vacina.<\/p>\n\n\n\n<p>\u201cMas perto de casa me facilitou muito, foi bem rapidinho, se fosse mais longe teria que gastar dinheiro de passagem, al\u00e9m disso me expor nos transportes p\u00fablicos. Agora pertinho de casa eu cheguei com facilidade. Com a primeira dose j\u00e1 me sinto mais tranquila\u201d, afirmou a aposentada.<\/p>\n\n\n\n<p>Ademir Barreira, 72 anos, morador do quarto distrito, foi vacinado em Itaipua\u00e7u, na Escola Municipal Marqu\u00eas de Maric\u00e1, ao lado do posto Santa Rita.<\/p>\n\n\n\n<p>\u201cA vacina \u00e9 a melhor forma da gente se ver livre desse mal que assola a humanidade inteira, \u00e9 fundamental. Facilitou muito ter esse polo aqui, pois eu morro na Rua 72 e teria que me deslocar at\u00e9 \u00e0 Rua 53, seria mais longe, aqui foi bem r\u00e1pido, fui muito bem atendido, amanh\u00e3 vou trazer a minha esposa\u201d, afirmou.<\/p>\n\n\n\n<p>Servi\u00e7o:<\/p>\n\n\n\n<p>Hor\u00e1rio de funcionamento dos polos de vacina\u00e7\u00e3o<\/p>\n\n\n\n<p>Drive thru: dias 30 e 31\/03, funcionam das 9h \u00e0s 16h. J\u00e1 no dia 01\/04, o hor\u00e1rio ser\u00e1 das 9h \u00e0s 14h. Nos dias 02 e 03\/04 (s\u00e1bado), o hor\u00e1rio ser\u00e1 reduzido de 9h \u00e0s 12h.<\/p>\n\n\n\n<p>ESF: dias 30 e 31\/03, o hor\u00e1rio para vacina\u00e7\u00e3o ser\u00e1 das 9h \u00e0s 16h. No dia 01\/04, funcionar\u00e1 das 9h \u00e0s 14h e no dia 02\/04, das 9h \u00e0s 12h.<\/p>\n","protected":false},"excerpt":{"rendered":"<p>Come\u00e7aram a funcionar nesta segunda-feira (29\/03) os quatro novos pontos de vacina\u00e7\u00e3o contra a Covid-19, localizados nas unidades de Estrat\u00e9gia<\/p>\n","protected":false},"author":1,"featured_media":22187,"comment_status":"open","ping_status":"open","sticky":false,"template":"","format":"standard","meta":{"colormag_page_container_layout":"default_layout","colormag_page_sidebar_layout":"default_layout","footnotes":""},"categories":[18],"tags":[],"class_list":["post-22186","post","type-post","status-publish","format-standard","has-post-thumbnail","hentry","category-entretenimento"],"amp_enabled":true,"_links":{"self":[{"href":"https:\/\/maricatotal.com.br\/site\/wp-json\/wp\/v2\/posts\/22186","targetHints":{"allow":["GET"]}}],"collection":[{"href":"https:\/\/maricatotal.com.br\/site\/wp-json\/wp\/v2\/posts"}],"about":[{"href":"https:\/\/maricatotal.com.br\/site\/wp-json\/wp\/v2\/types\/post"}],"author":[{"embeddable":true,"href":"https:\/\/maricatotal.com.br\/site\/wp-json\/wp\/v2\/users\/1"}],"replies":[{"embeddable":true,"href":"https:\/\/maricatotal.com.br\/site\/wp-json\/wp\/v2\/comments?post=22186"}],"version-history":[{"count":1,"href":"https:\/\/maricatotal.com.br\/site\/wp-json\/wp\/v2\/posts\/22186\/revisions"}],"predecessor-version":[{"id":22188,"href":"https:\/\/maricatotal.com.br\/site\/wp-json\/wp\/v2\/posts\/22186\/revisions\/22188"}],"wp:featuredmedia":[{"embeddable":true,"href":"https:\/\/maricatotal.com.br\/site\/wp-json\/wp\/v2\/media\/22187"}],"wp:attachment":[{"href":"https:\/\/maricatotal.com.br\/site\/wp-json\/wp\/v2\/media?parent=22186"}],"wp:term":[{"taxonomy":"category","embeddable":true,"href":"https:\/\/maricatotal.com.br\/site\/wp-json\/wp\/v2\/categories?post=22186"},{"taxonomy":"post_tag","embeddable":true,"href":"https:\/\/maricatotal.com.br\/site\/wp-json\/wp\/v2\/tags?post=22186"}],"curies":[{"name":"wp","href":"https:\/\/api.w.org\/{rel}","templated":true}]}}