{"id":22236,"date":"2021-03-31T11:26:17","date_gmt":"2021-03-31T14:26:17","guid":{"rendered":"https:\/\/maricatotal.com.br\/site\/?p=22236"},"modified":"2021-03-31T11:26:19","modified_gmt":"2021-03-31T14:26:19","slug":"adolescente-e-detido-com-drogas-em-sao-jose-do-imbassai","status":"publish","type":"post","link":"https:\/\/maricatotal.com.br\/site\/2021\/03\/31\/adolescente-e-detido-com-drogas-em-sao-jose-do-imbassai\/","title":{"rendered":"Adolescente \u00e9 detido com drogas em S\u00e3o Jos\u00e9 do Imbassa\u00ed"},"content":{"rendered":"\n<p>Policiais Militares do Patrulhamento T\u00e1tico M\u00f3vel (PATAMO) detiveram na manh\u00e3 desta quarta-feira, 31, um adolescente com drogas na Comunidade da&#8217;Linha&#8217;, em S\u00e3o Jos\u00e9 do Imbassa\u00ed.<\/p>\n\n\n\n<p>De acordo com informa\u00e7\u00f5es, os agentes foram ao local ap\u00f3s den\u00fancias. Chegando na comunidade, elementos foram vistos em atitude suspeita e fugiram com a aproxima\u00e7\u00e3o da Pol\u00edcia. <\/p>\n\n\n\n<p>Um dos elementos, um adolescente, foi capturado e com ele, foi apreendido uma carga de drogas. <\/p>\n\n\n\n<p>O adolescente foi detido e levado para a Delegacia de Maric\u00e1.<\/p>\n","protected":false},"excerpt":{"rendered":"<p>Policiais Militares do Patrulhamento T\u00e1tico M\u00f3vel (PATAMO) detiveram na manh\u00e3 desta quarta-feira, 31, um adolescente com drogas na Comunidade da&#8217;Linha&#8217;,<\/p>\n","protected":false},"author":1,"featured_media":22237,"comment_status":"open","ping_status":"open","sticky":false,"template":"","format":"standard","meta":{"colormag_page_container_layout":"default_layout","colormag_page_sidebar_layout":"default_layout","footnotes":""},"categories":[14,1],"tags":[],"class_list":["post-22236","post","type-post","status-publish","format-standard","has-post-thumbnail","hentry","category-bairros","category-noticias"],"amp_enabled":true,"_links":{"self":[{"href":"https:\/\/maricatotal.com.br\/site\/wp-json\/wp\/v2\/posts\/22236","targetHints":{"allow":["GET"]}}],"collection":[{"href":"https:\/\/maricatotal.com.br\/site\/wp-json\/wp\/v2\/posts"}],"about":[{"href":"https:\/\/maricatotal.com.br\/site\/wp-json\/wp\/v2\/types\/post"}],"author":[{"embeddable":true,"href":"https:\/\/maricatotal.com.br\/site\/wp-json\/wp\/v2\/users\/1"}],"replies":[{"embeddable":true,"href":"https:\/\/maricatotal.com.br\/site\/wp-json\/wp\/v2\/comments?post=22236"}],"version-history":[{"count":1,"href":"https:\/\/maricatotal.com.br\/site\/wp-json\/wp\/v2\/posts\/22236\/revisions"}],"predecessor-version":[{"id":22238,"href":"https:\/\/maricatotal.com.br\/site\/wp-json\/wp\/v2\/posts\/22236\/revisions\/22238"}],"wp:featuredmedia":[{"embeddable":true,"href":"https:\/\/maricatotal.com.br\/site\/wp-json\/wp\/v2\/media\/22237"}],"wp:attachment":[{"href":"https:\/\/maricatotal.com.br\/site\/wp-json\/wp\/v2\/media?parent=22236"}],"wp:term":[{"taxonomy":"category","embeddable":true,"href":"https:\/\/maricatotal.com.br\/site\/wp-json\/wp\/v2\/categories?post=22236"},{"taxonomy":"post_tag","embeddable":true,"href":"https:\/\/maricatotal.com.br\/site\/wp-json\/wp\/v2\/tags?post=22236"}],"curies":[{"name":"wp","href":"https:\/\/api.w.org\/{rel}","templated":true}]}}