{"id":22242,"date":"2021-03-31T14:15:08","date_gmt":"2021-03-31T17:15:08","guid":{"rendered":"https:\/\/maricatotal.com.br\/site\/?p=22242"},"modified":"2021-03-31T14:15:20","modified_gmt":"2021-03-31T17:15:20","slug":"praca-agroecologica-sofre-ataque-de-vandalos-na-madrugada","status":"publish","type":"post","link":"https:\/\/maricatotal.com.br\/site\/2021\/03\/31\/praca-agroecologica-sofre-ataque-de-vandalos-na-madrugada\/","title":{"rendered":"Pra\u00e7a agroecol\u00f3gica sofre ataque de v\u00e2ndalos na madrugada"},"content":{"rendered":"\n<p>A horta da pra\u00e7a agroecol\u00f3gica de Maric\u00e1, que fica em Ara\u00e7atiba, foi alvo de v\u00e2ndalos na madrugada desta segunda-feira (29). O local \u00e9 a primeira e \u00fanica pra\u00e7a agroecol\u00f3gica comunit\u00e1ria no munic\u00edpio e doa alimentos para moradores e turistas. Os v\u00e2ndalos destru\u00edram toda a planta\u00e7\u00e3o de melancia japonesa do local.<\/p>\n\n\n\n<p>Os funcion\u00e1rios do projeto Cooperar e da Secretaria de Agricultura, Pecu\u00e1ria e Pesca (Secapp) levaram horas at\u00e9 que o local voltasse \u00e0s caracter\u00edsticas originais e todas as melancias danificadas fossem removidas.<\/p>\n\n\n\n<p>\u201cA degrada\u00e7\u00e3o da pra\u00e7a \u00e9 uma pena, ela est\u00e1 servindo de refer\u00eancia para v\u00e1rios munic\u00edpios e que serviu de refer\u00eancia para as pr\u00f3ximas pra\u00e7as agroecol\u00f3gicas em Itaipua\u00e7u (na Rua 66) e em Ponta Negra (pr\u00f3ximo \u00e0 ponte nova)\u201d, comentou o secret\u00e1rio de Agricultura, Pecu\u00e1ria e Pesca J\u00falio Carolino, assegurando que a horta ir\u00e1 passar por um novo planejamento. \u201cA pra\u00e7a cont\u00e9m v\u00e1rias culturas, funciona como um laborat\u00f3rio que ensina sobre o plantio, doa mudas e hortali\u00e7as. Por isso estamos pensando em uma reforma onde poderemos minimizar esses ataques \u00e0s plantas\u201d, completa o secret\u00e1rio.<\/p>\n\n\n\n<p>Para o t\u00e9cnico de agropecu\u00e1ria, Aguinaldo Marinho, a pra\u00e7a \u00e9 um exemplo de como espa\u00e7os de pequeno plantio como este, podem ser criados na casa das pessoas. \u201cEsta \u00e9 uma pra\u00e7a \u00edmpar, um lugar simples, mas de um valor imensur\u00e1vel. Quando vem atos como esse ficamos extremamente revoltados e tristes\u201d, pontuou.<\/p>\n\n\n\n<p>O espa\u00e7o foi inaugurado no dia 14 de agosto de 2020 e cont\u00e9m 36 canteiros, sendo um voltado para portadores de defici\u00eancia, onde est\u00e3o plantadas desde hortali\u00e7as at\u00e9 plantas medicinais, ornamentais e arom\u00e1ticas. No centro do local, que tem cerca de 2 mil metros quadrados, agr\u00f4nomos e t\u00e9cnicos agr\u00edcolas fornecem instru\u00e7\u00f5es a quem visitar e quem quer levar mudas para casa.<\/p>\n\n\n\n<p>\u201cN\u00e3o \u00e9 a primeira vez que depredam alimentos da horta comunit\u00e1ria, j\u00e1 destru\u00edram berinjelas, girass\u00f3is, pimenta, aipim, banana e mam\u00e3o. Plantamos tudo com muito carinho para a popula\u00e7\u00e3o e tem gente que estraga\u201d, falou Adriana Batista, 55 anos, trabalhadora de campo no projeto Cooperar.<\/p>\n\n\n\n<p>A pra\u00e7a serviu como base para projetos &nbsp;em outros munic\u00edpios, como o de Par\u00e1 de Minas, em Minas Gerais, que enviou o secret\u00e1rio de Agroneg\u00f3cio, Desenvolvimento Rural e Meio Ambiente, Jos\u00e9 Hermano Franco para conhecer o funcionamento da \u00e1rea. Tamb\u00e9m o secret\u00e1rio de Agricultura de Itabora\u00ed, Ab\u00edlio Pereira, esteve no local com objetivo de implantar um modelo semelhante&nbsp; no seu munic\u00edpio.<\/p>\n","protected":false},"excerpt":{"rendered":"<p>A horta da pra\u00e7a agroecol\u00f3gica de Maric\u00e1, que fica em Ara\u00e7atiba, foi alvo de v\u00e2ndalos na madrugada desta segunda-feira (29).<\/p>\n","protected":false},"author":1,"featured_media":22243,"comment_status":"open","ping_status":"open","sticky":false,"template":"","format":"standard","meta":{"colormag_page_container_layout":"default_layout","colormag_page_sidebar_layout":"default_layout","footnotes":""},"categories":[1],"tags":[],"class_list":["post-22242","post","type-post","status-publish","format-standard","has-post-thumbnail","hentry","category-noticias"],"amp_enabled":true,"_links":{"self":[{"href":"https:\/\/maricatotal.com.br\/site\/wp-json\/wp\/v2\/posts\/22242","targetHints":{"allow":["GET"]}}],"collection":[{"href":"https:\/\/maricatotal.com.br\/site\/wp-json\/wp\/v2\/posts"}],"about":[{"href":"https:\/\/maricatotal.com.br\/site\/wp-json\/wp\/v2\/types\/post"}],"author":[{"embeddable":true,"href":"https:\/\/maricatotal.com.br\/site\/wp-json\/wp\/v2\/users\/1"}],"replies":[{"embeddable":true,"href":"https:\/\/maricatotal.com.br\/site\/wp-json\/wp\/v2\/comments?post=22242"}],"version-history":[{"count":2,"href":"https:\/\/maricatotal.com.br\/site\/wp-json\/wp\/v2\/posts\/22242\/revisions"}],"predecessor-version":[{"id":22245,"href":"https:\/\/maricatotal.com.br\/site\/wp-json\/wp\/v2\/posts\/22242\/revisions\/22245"}],"wp:featuredmedia":[{"embeddable":true,"href":"https:\/\/maricatotal.com.br\/site\/wp-json\/wp\/v2\/media\/22243"}],"wp:attachment":[{"href":"https:\/\/maricatotal.com.br\/site\/wp-json\/wp\/v2\/media?parent=22242"}],"wp:term":[{"taxonomy":"category","embeddable":true,"href":"https:\/\/maricatotal.com.br\/site\/wp-json\/wp\/v2\/categories?post=22242"},{"taxonomy":"post_tag","embeddable":true,"href":"https:\/\/maricatotal.com.br\/site\/wp-json\/wp\/v2\/tags?post=22242"}],"curies":[{"name":"wp","href":"https:\/\/api.w.org\/{rel}","templated":true}]}}