{"id":22457,"date":"2021-04-06T11:16:13","date_gmt":"2021-04-06T14:16:13","guid":{"rendered":"https:\/\/maricatotal.com.br\/site\/?p=22457"},"modified":"2021-04-06T15:33:03","modified_gmt":"2021-04-06T18:33:03","slug":"operacao-conjunta-da-policia-civil-e-pm-prende-tres-acusados-de-trafico-de-drogas-em-cordeirinho","status":"publish","type":"post","link":"https:\/\/maricatotal.com.br\/site\/2021\/04\/06\/operacao-conjunta-da-policia-civil-e-pm-prende-tres-acusados-de-trafico-de-drogas-em-cordeirinho\/","title":{"rendered":"Opera\u00e7\u00e3o conjunta da Pol\u00edcia Civil e PM prende tr\u00eas acusados de tr\u00e1fico de drogas em Cordeirinho"},"content":{"rendered":"\n<p>Uma opera\u00e7\u00e3o conjunta da Pol\u00edcia Civil e Militar prenderam tr\u00eas acusados de tr\u00e1fico de drogas na manh\u00e3 desta ter\u00e7a-feira, 6, em Cordeirinho. <\/p>\n\n\n\n<p>O caso aconteceu na altura da Rua 86, na Avenida Reginaldo Zeidan. Segundo informa\u00e7\u00f5es, ap\u00f3s o Setor de Intelig\u00eancia da 82\u00aa DP receber den\u00fancias, os agentes organizaram uma a\u00e7\u00e3o em conjunto com Policiais militares da 6\u00aa Companhia de Maric\u00e1 e foram at\u00e9 o local. <\/p>\n\n\n\n<p>No endere\u00e7o, os policiais encontraram dois homens e um adolescente. Ainda no local, os agentes encontraram uma quantidade de drogas, uma planta\u00e7\u00e3o de maconha e dois fac\u00f5es. O adolescente j\u00e1 havia sido apreendido no ano passado no mesmo local.<\/p>\n\n\n\n<p>Os tr\u00eas elementos foram levados para a Delegacia de Maric\u00e1, onde o caso ser\u00e1 registrado.<\/p>\n\n\n\n<figure class=\"wp-block-gallery aligncenter columns-1 is-cropped wp-block-gallery-1 is-layout-flex wp-block-gallery-is-layout-flex\"><ul class=\"blocks-gallery-grid\"><li class=\"blocks-gallery-item\"><figure><img loading=\"lazy\" decoding=\"async\" width=\"1024\" height=\"576\" src=\"https:\/\/maricatotal.com.br\/site\/wp-content\/uploads\/2021\/04\/eZy_watermark_06-04-2021_11-10-25.jpg\" alt=\"\" data-id=\"22460\" data-full-url=\"https:\/\/maricatotal.com.br\/site\/wp-content\/uploads\/2021\/04\/eZy_watermark_06-04-2021_11-10-25.jpg\" data-link=\"https:\/\/maricatotal.com.br\/site\/?attachment_id=22460\" class=\"wp-image-22460\" srcset=\"https:\/\/maricatotal.com.br\/site\/wp-content\/uploads\/2021\/04\/eZy_watermark_06-04-2021_11-10-25.jpg 1024w, https:\/\/maricatotal.com.br\/site\/wp-content\/uploads\/2021\/04\/eZy_watermark_06-04-2021_11-10-25-300x169.jpg 300w, https:\/\/maricatotal.com.br\/site\/wp-content\/uploads\/2021\/04\/eZy_watermark_06-04-2021_11-10-25-768x432.jpg 768w\" sizes=\"auto, (max-width: 1024px) 100vw, 1024px\" \/><\/figure><\/li><\/ul><\/figure>\n\n\n\n<div class=\"wp-block-columns is-layout-flex wp-container-core-columns-is-layout-28f84493 wp-block-columns-is-layout-flex\">\n<div class=\"wp-block-column is-layout-flow wp-block-column-is-layout-flow\" style=\"flex-basis:100%\">\n<figure class=\"wp-block-video\"><video height=\"1080\" style=\"aspect-ratio: 1920 \/ 1080;\" width=\"1920\" controls src=\"https:\/\/maricatotal.com.br\/site\/wp-content\/uploads\/2021\/04\/VID-20210406-WA0027-2.mp4\"><\/video><\/figure>\n<\/div>\n<\/div>\n\n\n\n<p><\/p>\n","protected":false},"excerpt":{"rendered":"<p>Uma opera\u00e7\u00e3o conjunta da Pol\u00edcia Civil e Militar prenderam tr\u00eas acusados de tr\u00e1fico de drogas na manh\u00e3 desta ter\u00e7a-feira, 6,<\/p>\n","protected":false},"author":1,"featured_media":22459,"comment_status":"open","ping_status":"open","sticky":false,"template":"","format":"standard","meta":{"colormag_page_container_layout":"default_layout","colormag_page_sidebar_layout":"default_layout","footnotes":""},"categories":[14,1],"tags":[],"class_list":["post-22457","post","type-post","status-publish","format-standard","has-post-thumbnail","hentry","category-bairros","category-noticias"],"amp_enabled":true,"_links":{"self":[{"href":"https:\/\/maricatotal.com.br\/site\/wp-json\/wp\/v2\/posts\/22457","targetHints":{"allow":["GET"]}}],"collection":[{"href":"https:\/\/maricatotal.com.br\/site\/wp-json\/wp\/v2\/posts"}],"about":[{"href":"https:\/\/maricatotal.com.br\/site\/wp-json\/wp\/v2\/types\/post"}],"author":[{"embeddable":true,"href":"https:\/\/maricatotal.com.br\/site\/wp-json\/wp\/v2\/users\/1"}],"replies":[{"embeddable":true,"href":"https:\/\/maricatotal.com.br\/site\/wp-json\/wp\/v2\/comments?post=22457"}],"version-history":[{"count":11,"href":"https:\/\/maricatotal.com.br\/site\/wp-json\/wp\/v2\/posts\/22457\/revisions"}],"predecessor-version":[{"id":22501,"href":"https:\/\/maricatotal.com.br\/site\/wp-json\/wp\/v2\/posts\/22457\/revisions\/22501"}],"wp:featuredmedia":[{"embeddable":true,"href":"https:\/\/maricatotal.com.br\/site\/wp-json\/wp\/v2\/media\/22459"}],"wp:attachment":[{"href":"https:\/\/maricatotal.com.br\/site\/wp-json\/wp\/v2\/media?parent=22457"}],"wp:term":[{"taxonomy":"category","embeddable":true,"href":"https:\/\/maricatotal.com.br\/site\/wp-json\/wp\/v2\/categories?post=22457"},{"taxonomy":"post_tag","embeddable":true,"href":"https:\/\/maricatotal.com.br\/site\/wp-json\/wp\/v2\/tags?post=22457"}],"curies":[{"name":"wp","href":"https:\/\/api.w.org\/{rel}","templated":true}]}}