{"id":22479,"date":"2021-04-06T14:49:44","date_gmt":"2021-04-06T17:49:44","guid":{"rendered":"https:\/\/maricatotal.com.br\/site\/?p=22479"},"modified":"2021-04-06T16:48:46","modified_gmt":"2021-04-06T19:48:46","slug":"operacao-da-policia-civil-e-militar-termina-com-tres-presos-e-um-suspeito-baleado-em-sao-jose-do-imbassai","status":"publish","type":"post","link":"https:\/\/maricatotal.com.br\/site\/2021\/04\/06\/operacao-da-policia-civil-e-militar-termina-com-tres-presos-e-um-suspeito-baleado-em-sao-jose-do-imbassai\/","title":{"rendered":"Opera\u00e7\u00e3o da Pol\u00edcia Civil e Militar termina com tr\u00eas presos e um suspeito baleado em S\u00e3o Jos\u00e9 do Imbassa\u00ed"},"content":{"rendered":"\n<p>Tr\u00eas acusados de tr\u00e1fico de drogas foram presos na tarde desta ter\u00e7a-feira, 6, na Opera\u00e7\u00e3o conjunta da Pol\u00edcia Civil e Militar, na Comunidade da &#8216;Linha&#8217;, em S\u00e3o Jos\u00e9 do Imbassa\u00ed. <\/p>\n\n\n\n<p>&nbsp;Segundo informa\u00e7\u00f5es, ap\u00f3s o Setor de Intelig\u00eancia da 82\u00aa DP receber den\u00fancias, os agentes organizaram uma a\u00e7\u00e3o em conjunto com Policiais militares da 6\u00aa Companhia de Maric\u00e1 e foram at\u00e9 o local. <\/p>\n\n\n\n<p>Chegando na comunidade, os agentes foram recebidos a tiros e um suspeito foi baleado. Dois elementos foram levados para a Delegacia de Maric\u00e1 e o ferido foi encaminhado ao Hospital Municipal Conde Modesto Leal.<\/p>\n\n\n\n<p>Na a\u00e7\u00e3o foram apreendidos uma pistola, 7 muni\u00e7\u00f5es, dois r\u00e1dios transmissores, um carregador e uma quantidade de trouxinhas de maconha. <\/p>\n\n\n\n<div class=\"wp-block-image\"><figure class=\"aligncenter size-large is-resized\"><img loading=\"lazy\" decoding=\"async\" src=\"https:\/\/maricatotal.com.br\/site\/wp-content\/uploads\/2021\/04\/eZy_watermark_06-04-2021_02-43-17.jpg\" alt=\"\" class=\"wp-image-22484\" width=\"704\" height=\"938\" srcset=\"https:\/\/maricatotal.com.br\/site\/wp-content\/uploads\/2021\/04\/eZy_watermark_06-04-2021_02-43-17.jpg 768w, https:\/\/maricatotal.com.br\/site\/wp-content\/uploads\/2021\/04\/eZy_watermark_06-04-2021_02-43-17-225x300.jpg 225w\" sizes=\"auto, (max-width: 704px) 100vw, 704px\" \/><\/figure><\/div>\n\n\n\n<figure class=\"wp-block-video\"><video height=\"1080\" style=\"aspect-ratio: 1920 \/ 1080;\" width=\"1920\" controls src=\"https:\/\/maricatotal.com.br\/site\/wp-content\/uploads\/2021\/04\/VID-20210406-WA0071.mp4\"><\/video><\/figure>\n","protected":false},"excerpt":{"rendered":"<p>Tr\u00eas acusados de tr\u00e1fico de drogas foram presos na tarde desta ter\u00e7a-feira, 6, na Opera\u00e7\u00e3o conjunta da Pol\u00edcia Civil e<\/p>\n","protected":false},"author":1,"featured_media":22490,"comment_status":"open","ping_status":"open","sticky":false,"template":"","format":"standard","meta":{"colormag_page_container_layout":"default_layout","colormag_page_sidebar_layout":"default_layout","footnotes":""},"categories":[14,1],"tags":[],"class_list":["post-22479","post","type-post","status-publish","format-standard","has-post-thumbnail","hentry","category-bairros","category-noticias"],"amp_enabled":true,"_links":{"self":[{"href":"https:\/\/maricatotal.com.br\/site\/wp-json\/wp\/v2\/posts\/22479","targetHints":{"allow":["GET"]}}],"collection":[{"href":"https:\/\/maricatotal.com.br\/site\/wp-json\/wp\/v2\/posts"}],"about":[{"href":"https:\/\/maricatotal.com.br\/site\/wp-json\/wp\/v2\/types\/post"}],"author":[{"embeddable":true,"href":"https:\/\/maricatotal.com.br\/site\/wp-json\/wp\/v2\/users\/1"}],"replies":[{"embeddable":true,"href":"https:\/\/maricatotal.com.br\/site\/wp-json\/wp\/v2\/comments?post=22479"}],"version-history":[{"count":10,"href":"https:\/\/maricatotal.com.br\/site\/wp-json\/wp\/v2\/posts\/22479\/revisions"}],"predecessor-version":[{"id":22505,"href":"https:\/\/maricatotal.com.br\/site\/wp-json\/wp\/v2\/posts\/22479\/revisions\/22505"}],"wp:featuredmedia":[{"embeddable":true,"href":"https:\/\/maricatotal.com.br\/site\/wp-json\/wp\/v2\/media\/22490"}],"wp:attachment":[{"href":"https:\/\/maricatotal.com.br\/site\/wp-json\/wp\/v2\/media?parent=22479"}],"wp:term":[{"taxonomy":"category","embeddable":true,"href":"https:\/\/maricatotal.com.br\/site\/wp-json\/wp\/v2\/categories?post=22479"},{"taxonomy":"post_tag","embeddable":true,"href":"https:\/\/maricatotal.com.br\/site\/wp-json\/wp\/v2\/tags?post=22479"}],"curies":[{"name":"wp","href":"https:\/\/api.w.org\/{rel}","templated":true}]}}