{"id":22916,"date":"2021-04-19T09:05:05","date_gmt":"2021-04-19T12:05:05","guid":{"rendered":"https:\/\/maricatotal.com.br\/site\/?p=22916"},"modified":"2021-05-11T21:23:28","modified_gmt":"2021-05-12T00:23:28","slug":"idosos-de-64-a-60-anos-serao-vacinados-contra-covid-19-nesta-semana-em-marica","status":"publish","type":"post","link":"https:\/\/maricatotal.com.br\/site\/2021\/04\/19\/idosos-de-64-a-60-anos-serao-vacinados-contra-covid-19-nesta-semana-em-marica\/","title":{"rendered":"Idosos de 64 a 60 anos ser\u00e3o vacinados contra covid-19 nesta semana em Maric\u00e1"},"content":{"rendered":"\n<p>A Prefeitura de Maric\u00e1, atrav\u00e9s da Secretaria de Sa\u00fade, segue com o planejamento de imuniza\u00e7\u00e3o contra a covid-19 em todo municipio. Nesta semana, idosos de 60 a 64 anos ser\u00e3o vacinados em Maric\u00e1.<\/p>\n\n\n\n<p>Segundo o calend\u00e1rio divulgado, nesta segunda-feira, 19, \u00e9 o dia dos idosos de 64 anos, na ter\u00e7a-feira 63 anos, quarta-feira os idosos de 62, quinta-feira os idosos de 61 e na sexta-feira, os idosos de 60 anos. <\/p>\n\n\n\n<p>Ja no s\u00e1bado, acontece uma repescagem para quem perder os dias. Maric\u00e1 j\u00e1 aplicou mais de 23 m doses de vacina contra covid-19, imunizando 14, 31% da popula\u00e7\u00e3o de 160 mil habitantes.<\/p>\n","protected":false},"excerpt":{"rendered":"<p>A Prefeitura de Maric\u00e1, atrav\u00e9s da Secretaria de Sa\u00fade, segue com o planejamento de imuniza\u00e7\u00e3o contra a covid-19 em todo<\/p>\n","protected":false},"author":1,"featured_media":10736,"comment_status":"open","ping_status":"open","sticky":false,"template":"","format":"standard","meta":{"colormag_page_container_layout":"default_layout","colormag_page_sidebar_layout":"default_layout","footnotes":""},"categories":[14,17],"tags":[],"class_list":["post-22916","post","type-post","status-publish","format-standard","has-post-thumbnail","hentry","category-bairros","category-politica"],"amp_enabled":true,"_links":{"self":[{"href":"https:\/\/maricatotal.com.br\/site\/wp-json\/wp\/v2\/posts\/22916","targetHints":{"allow":["GET"]}}],"collection":[{"href":"https:\/\/maricatotal.com.br\/site\/wp-json\/wp\/v2\/posts"}],"about":[{"href":"https:\/\/maricatotal.com.br\/site\/wp-json\/wp\/v2\/types\/post"}],"author":[{"embeddable":true,"href":"https:\/\/maricatotal.com.br\/site\/wp-json\/wp\/v2\/users\/1"}],"replies":[{"embeddable":true,"href":"https:\/\/maricatotal.com.br\/site\/wp-json\/wp\/v2\/comments?post=22916"}],"version-history":[{"count":1,"href":"https:\/\/maricatotal.com.br\/site\/wp-json\/wp\/v2\/posts\/22916\/revisions"}],"predecessor-version":[{"id":22917,"href":"https:\/\/maricatotal.com.br\/site\/wp-json\/wp\/v2\/posts\/22916\/revisions\/22917"}],"wp:featuredmedia":[{"embeddable":true,"href":"https:\/\/maricatotal.com.br\/site\/wp-json\/wp\/v2\/media\/10736"}],"wp:attachment":[{"href":"https:\/\/maricatotal.com.br\/site\/wp-json\/wp\/v2\/media?parent=22916"}],"wp:term":[{"taxonomy":"category","embeddable":true,"href":"https:\/\/maricatotal.com.br\/site\/wp-json\/wp\/v2\/categories?post=22916"},{"taxonomy":"post_tag","embeddable":true,"href":"https:\/\/maricatotal.com.br\/site\/wp-json\/wp\/v2\/tags?post=22916"}],"curies":[{"name":"wp","href":"https:\/\/api.w.org\/{rel}","templated":true}]}}