{"id":22918,"date":"2021-04-19T09:53:33","date_gmt":"2021-04-19T12:53:33","guid":{"rendered":"https:\/\/maricatotal.com.br\/site\/?p=22918"},"modified":"2021-05-11T21:23:40","modified_gmt":"2021-05-12T00:23:40","slug":"projeto-de-fotografia-encanta-maes-do-hospital-conde-modesto","status":"publish","type":"post","link":"https:\/\/maricatotal.com.br\/site\/2021\/04\/19\/projeto-de-fotografia-encanta-maes-do-hospital-conde-modesto\/","title":{"rendered":"Projeto de fotografia encanta m\u00e3es do hospital Conde Modesto"},"content":{"rendered":"\n<p>Para guardar como lembran\u00e7a o nascimento de um beb\u00ea \u2013 um dos momentos mais marcantes para a fam\u00edlia \u2013, nada melhor do que uma fotografia. Pensando nisso, o setor de Humaniza\u00e7\u00e3o da Rede de Urg\u00eancia e Emerg\u00eancia da Secretaria de Sa\u00fade de Maric\u00e1, criou o projeto \u201cMeu Primeiro Retrato\u201d. O projeto foi implantado na maternidade do Hospital Municipal Conde Modesto Leal com o objetivo de presentear e acolher as mam\u00e3es.<\/p>\n\n\n\n<p>\u201cO projeto tem como objetivo eternizar esse primeiro momento do beb\u00ea, proporcionando \u00e0 m\u00e3e poder guardar a singela lembran\u00e7a, ainda mais porque muitas n\u00e3o t\u00eam condi\u00e7\u00f5es financeiras de ter esse registro t\u00e3o importante e \u00fanico\u201d, destacou a secret\u00e1ria de Sa\u00fade, Simone Costa.<\/p>\n\n\n\n<p>E as novidades n\u00e3o param por a\u00ed, ainda este ano, ser\u00e1 lan\u00e7ado o projeto \u201cM\u00e3e Beb\u00ea\u201d, que est\u00e1 em fase de finaliza\u00e7\u00e3o, no qual ser\u00e1 feita uma doa\u00e7\u00e3o de enxoval para os beb\u00eas que nascerem na maternidade do Conde.<\/p>\n\n\n\n<p>\u201cO beb\u00ea vai sair da unidade com o enxoval completo, com bolsa, macac\u00e3o, cueiro e fralda. A m\u00e3e ir\u00e1 receber um kit de higiene para cuidados durante a interna\u00e7\u00e3o\u201d, acrescentou o coordenador do setor de Humaniza\u00e7\u00e3o, Jess\u00e9 Paz.<\/p>\n\n\n\n<p>As mam\u00e3es Larissa Tavares Cardoso, de 22 anos, e Aline Santos de Oliveira, de 19, moradoras da cidade, elogiaram a iniciativa e agradeceram a lembran\u00e7a recebida pela equipe. \u201c\u00c9 dif\u00edcil ver essas iniciativas em um hospital p\u00fablico. Adorei a lembran\u00e7a\u201d, comentou Larissa. \u201cFiquei feliz com o carinho com os beb\u00eas\u201d, acrescentou Aline.<\/p>\n","protected":false},"excerpt":{"rendered":"<p>Para guardar como lembran\u00e7a o nascimento de um beb\u00ea \u2013 um dos momentos mais marcantes para a fam\u00edlia \u2013, nada<\/p>\n","protected":false},"author":1,"featured_media":22919,"comment_status":"open","ping_status":"open","sticky":false,"template":"","format":"standard","meta":{"colormag_page_container_layout":"default_layout","colormag_page_sidebar_layout":"default_layout","footnotes":""},"categories":[18],"tags":[],"class_list":["post-22918","post","type-post","status-publish","format-standard","has-post-thumbnail","hentry","category-entretenimento"],"amp_enabled":true,"_links":{"self":[{"href":"https:\/\/maricatotal.com.br\/site\/wp-json\/wp\/v2\/posts\/22918","targetHints":{"allow":["GET"]}}],"collection":[{"href":"https:\/\/maricatotal.com.br\/site\/wp-json\/wp\/v2\/posts"}],"about":[{"href":"https:\/\/maricatotal.com.br\/site\/wp-json\/wp\/v2\/types\/post"}],"author":[{"embeddable":true,"href":"https:\/\/maricatotal.com.br\/site\/wp-json\/wp\/v2\/users\/1"}],"replies":[{"embeddable":true,"href":"https:\/\/maricatotal.com.br\/site\/wp-json\/wp\/v2\/comments?post=22918"}],"version-history":[{"count":1,"href":"https:\/\/maricatotal.com.br\/site\/wp-json\/wp\/v2\/posts\/22918\/revisions"}],"predecessor-version":[{"id":22920,"href":"https:\/\/maricatotal.com.br\/site\/wp-json\/wp\/v2\/posts\/22918\/revisions\/22920"}],"wp:featuredmedia":[{"embeddable":true,"href":"https:\/\/maricatotal.com.br\/site\/wp-json\/wp\/v2\/media\/22919"}],"wp:attachment":[{"href":"https:\/\/maricatotal.com.br\/site\/wp-json\/wp\/v2\/media?parent=22918"}],"wp:term":[{"taxonomy":"category","embeddable":true,"href":"https:\/\/maricatotal.com.br\/site\/wp-json\/wp\/v2\/categories?post=22918"},{"taxonomy":"post_tag","embeddable":true,"href":"https:\/\/maricatotal.com.br\/site\/wp-json\/wp\/v2\/tags?post=22918"}],"curies":[{"name":"wp","href":"https:\/\/api.w.org\/{rel}","templated":true}]}}