{"id":22928,"date":"2021-04-19T16:52:50","date_gmt":"2021-04-19T19:52:50","guid":{"rendered":"https:\/\/maricatotal.com.br\/site\/?p=22928"},"modified":"2021-05-11T21:24:43","modified_gmt":"2021-05-12T00:24:43","slug":"senac-rj-abre-inscricoes-para-cursos-remotos-em-diversas-areas","status":"publish","type":"post","link":"https:\/\/maricatotal.com.br\/site\/2021\/04\/19\/senac-rj-abre-inscricoes-para-cursos-remotos-em-diversas-areas\/","title":{"rendered":"Senac RJ abre inscri\u00e7\u00f5es para cursos remotos em diversas \u00e1reas"},"content":{"rendered":"\n<p>Para quem busca capacita\u00e7\u00e3o profissional sem sair de casa, o Senac RJ est\u00e1 com inscri\u00e7\u00f5es abertas para cursos t\u00e9cnicos e livres, em diversas \u00e1reas, ministrados na modalidade de ensino remoto. Com in\u00edcio nos meses de abril e maio, os programas, em \u00e1reas como Administra\u00e7\u00e3o, Fotografia, Log\u00edstica, Tecnologia da Informa\u00e7\u00e3o, Idiomas, Design, Moda, entre outras, oferecem aulas online em tempo real, que permitem a manuten\u00e7\u00e3o da interatividade comum aos cursos presenciais.&nbsp;<\/p>\n\n\n\n<p>Trata-se de uma oportunidade para quem pretende aprimorar seus conhecimentos, desenvolver novas compet\u00eancias ou se reinventar profissionalmente, mesmo no cen\u00e1rio da pandemia de Covid 19. Mais informa\u00e7\u00f5es e inscri\u00e7\u00f5es est\u00e3o dispon\u00edveis no site&nbsp;<a href=\"http:\/\/www.rj.senac.br\/\">www.rj.senac.br<\/a>.<\/p>\n\n\n\n<p>H\u00e1 vagas para os cursos livres de Introdu\u00e7\u00e3o \u00e0 Fotografia Digital, Organiza\u00e7\u00e3o de Espa\u00e7os Residenciais, Marketing Digital, Automaquiagem, Autocad 2D e 3D, Assistente de Recursos Humanos, Excel, Excel Avan\u00e7ado, Excel com VBA, Design Gr\u00e1fico Digital, Consultoria de Imagem, Modelista, Decora\u00e7\u00e3o B\u00e1sica de Interiores, Revit, Forma\u00e7\u00e3o Cisco CCNA, Modelista, Modelagem Moda Praia e Fitness, Programador Web, Ingl\u00eas e Franc\u00eas. Tamb\u00e9m est\u00e3o abertas inscri\u00e7\u00f5es para os cursos T\u00e9cnicos em Administra\u00e7\u00e3o, Seguran\u00e7a do Trabalho e Log\u00edstica.<\/p>\n\n\n\n<p><strong>Ensino Remoto<\/strong><\/p>\n\n\n\n<p>O m\u00e9todo de ensino remoto oferece aulas online em hor\u00e1rios e dias preestabelecidos, resguardando a carga hor\u00e1ria e o desenvolvimento das compet\u00eancias profissionais do formato presencial. O modelo de aprendizagem em tempo real garante a intera\u00e7\u00e3o entre instrutores e alunos, formando um diferencial para quem preza pela troca imediata de informa\u00e7\u00f5es em sala de aula mesmo no ambiente digital.<\/p>\n\n\n\n<p>Os cursos s\u00e3o realizados na plataforma do ambiente virtual de aprendizagem, que conta com uma sala de aula virtual com m\u00faltiplos recursos de interatividade, avalia\u00e7\u00e3o e acervo de v\u00eddeos e conte\u00fados. Os cursos d\u00e3o direito a certifica\u00e7\u00e3o do Senac RJ.<\/p>\n\n\n\n<p><strong>Senac RJ<\/strong><\/p>\n\n\n\n<p>H\u00e1 75 anos o Senac RJ atua na profissionaliza\u00e7\u00e3o de m\u00e3o de obra para o setor do Com\u00e9rcio de Bens, Servi\u00e7os e Turismo no Estado do Rio de Janeiro. A institui\u00e7\u00e3o de ensino investe fortemente em inclus\u00e3o social por meio de capacita\u00e7\u00e3o para o mercado de trabalho e \u00e9 reconhecida como refer\u00eancia na oferta de cursos profissionalizantes.<\/p>\n\n\n\n<p><strong>Servi\u00e7o:<\/strong><\/p>\n\n\n\n<p>Cursos Senac RJ<\/p>\n\n\n\n<p>Mais informa\u00e7\u00f5es: www.rj.senac.br<\/p>\n\n\n\n<p>T\u00e9cnico em Administra\u00e7\u00e3o<\/p>\n\n\n\n<p>In\u00edcio: 19\/04\/2021, 26\/04\/2021, 10\/05\/2021 e 24\/05\/2021<\/p>\n\n\n\n<p>Introdu\u00e7\u00e3o \u00e0 Fotografia Digital<\/p>\n\n\n\n<p>In\u00edcio: 20\/04\/2021 e 08\/05\/2021<\/p>\n\n\n\n<p>T\u00e9cnico em Log\u00edstica&nbsp; &nbsp; &nbsp;&nbsp;<\/p>\n\n\n\n<p>In\u00edcio: 24\/05\/2021<\/p>\n\n\n\n<p>Excel<\/p>\n\n\n\n<p>In\u00edcio: 27\/04\/2021 e 15\/05\/2021<\/p>\n\n\n\n<p>Franc\u00eas B\u00e1sico 1<\/p>\n\n\n\n<p>In\u00edcio: 27\/04\/2021<\/p>\n\n\n\n<p>T\u00e9cnico em Seguran\u00e7a do Trabalho<\/p>\n\n\n\n<p>In\u00edcio: 03\/05\/2021<\/p>\n\n\n\n<p>Design Gr\u00e1fico Digital<\/p>\n\n\n\n<p>In\u00edcio: 18\/05\/2021 e 25\/05\/2021<\/p>\n\n\n\n<p>Decora\u00e7\u00e3o B\u00e1sica de Interiores<\/p>\n\n\n\n<p>In\u00edcio: 08\/05\/2021 e 25\/05\/2021<\/p>\n\n\n\n<p>Excel Avan\u00e7ado<\/p>\n\n\n\n<p>In\u00edcio: 08\/05\/2021 e 25\/05\/2021<\/p>\n\n\n\n<p>Marketing Digital<\/p>\n\n\n\n<p>In\u00edcio: 08\/05\/2021<\/p>\n\n\n\n<p>Organiza\u00e7\u00e3o De Espa\u00e7os Residenciais<\/p>\n\n\n\n<p>In\u00edcio: 08\/05\/2021<\/p>\n\n\n\n<p>Assistente de Recursos Humanos<\/p>\n\n\n\n<p>In\u00edcio: 11\/05\/2021<\/p>\n\n\n\n<p>Ingl\u00eas B\u00e1sico 2<\/p>\n\n\n\n<p>In\u00edcio: 15\/05\/2021<\/p>\n\n\n\n<p>Workshop: Automaquiagem com Foto Antes e Depois<\/p>\n\n\n\n<p>In\u00edcio: 15\/05\/2021<\/p>\n\n\n\n<p>Autocad 2D e 3D: Documenta\u00e7\u00e3o e Projeto&nbsp; &nbsp; &nbsp; &nbsp;<\/p>\n\n\n\n<p>In\u00edcio: 18\/05\/2021<\/p>\n\n\n\n<p>Consultoria de Imagem<\/p>\n\n\n\n<p>In\u00edcio: 18\/05\/2021<\/p>\n\n\n\n<p>Excel com VBA<\/p>\n\n\n\n<p>In\u00edcio: 22\/05\/2021<\/p>\n\n\n\n<p>Revit Architecture \u2013 B\u00e1sico<\/p>\n\n\n\n<p>In\u00edcio: 22\/05\/2021<\/p>\n\n\n\n<p>Forma\u00e7\u00e3o Cisco CCNA V7.0&nbsp; &nbsp; &nbsp; &nbsp;&nbsp;<\/p>\n\n\n\n<p>In\u00edcio: 24\/05\/2021<\/p>\n\n\n\n<p>Modelista<\/p>\n\n\n\n<p>In\u00edcio: 24\/05\/2021 e 25\/05\/2021<\/p>\n\n\n\n<p>Programador Web<\/p>\n\n\n\n<p>In\u00edcio: 24\/05\/2021<\/p>\n\n\n\n<p>Modelagem Moda Praia e Fitness<\/p>\n\n\n\n<p>In\u00edcio: 25\/05\/2021<\/p>\n","protected":false},"excerpt":{"rendered":"<p>Para quem busca capacita\u00e7\u00e3o profissional sem sair de casa, o Senac RJ est\u00e1 com inscri\u00e7\u00f5es abertas para cursos t\u00e9cnicos e<\/p>\n","protected":false},"author":1,"featured_media":22929,"comment_status":"open","ping_status":"open","sticky":false,"template":"","format":"standard","meta":{"colormag_page_container_layout":"default_layout","colormag_page_sidebar_layout":"default_layout","footnotes":""},"categories":[18],"tags":[],"class_list":["post-22928","post","type-post","status-publish","format-standard","has-post-thumbnail","hentry","category-entretenimento"],"amp_enabled":true,"_links":{"self":[{"href":"https:\/\/maricatotal.com.br\/site\/wp-json\/wp\/v2\/posts\/22928","targetHints":{"allow":["GET"]}}],"collection":[{"href":"https:\/\/maricatotal.com.br\/site\/wp-json\/wp\/v2\/posts"}],"about":[{"href":"https:\/\/maricatotal.com.br\/site\/wp-json\/wp\/v2\/types\/post"}],"author":[{"embeddable":true,"href":"https:\/\/maricatotal.com.br\/site\/wp-json\/wp\/v2\/users\/1"}],"replies":[{"embeddable":true,"href":"https:\/\/maricatotal.com.br\/site\/wp-json\/wp\/v2\/comments?post=22928"}],"version-history":[{"count":1,"href":"https:\/\/maricatotal.com.br\/site\/wp-json\/wp\/v2\/posts\/22928\/revisions"}],"predecessor-version":[{"id":22930,"href":"https:\/\/maricatotal.com.br\/site\/wp-json\/wp\/v2\/posts\/22928\/revisions\/22930"}],"wp:featuredmedia":[{"embeddable":true,"href":"https:\/\/maricatotal.com.br\/site\/wp-json\/wp\/v2\/media\/22929"}],"wp:attachment":[{"href":"https:\/\/maricatotal.com.br\/site\/wp-json\/wp\/v2\/media?parent=22928"}],"wp:term":[{"taxonomy":"category","embeddable":true,"href":"https:\/\/maricatotal.com.br\/site\/wp-json\/wp\/v2\/categories?post=22928"},{"taxonomy":"post_tag","embeddable":true,"href":"https:\/\/maricatotal.com.br\/site\/wp-json\/wp\/v2\/tags?post=22928"}],"curies":[{"name":"wp","href":"https:\/\/api.w.org\/{rel}","templated":true}]}}