{"id":23836,"date":"2021-05-10T22:57:00","date_gmt":"2021-05-11T01:57:00","guid":{"rendered":"https:\/\/maricatotal.com.br\/site\/?p=23836"},"modified":"2021-05-11T22:58:22","modified_gmt":"2021-05-12T01:58:22","slug":"prefeitura-realiza-obras-em-itaipuacu-sao-jose-e-no-centro-de-marica","status":"publish","type":"post","link":"https:\/\/maricatotal.com.br\/site\/2021\/05\/10\/prefeitura-realiza-obras-em-itaipuacu-sao-jose-e-no-centro-de-marica\/","title":{"rendered":"Prefeitura realiza obras em Itaipua\u00e7u, S\u00e3o Jos\u00e9 e no Centro de Maric\u00e1"},"content":{"rendered":"\n<p>Constru\u00e7\u00e3o de cal\u00e7adas, pavimenta\u00e7\u00e3o e drenagem, estas s\u00e3o algumas das interven\u00e7\u00f5es realizadas pela Prefeitura nesta segunda-feira (10\/05) em Itaipua\u00e7u, Condado, Jardim Atl\u00e2ntico, S\u00e3o Jos\u00e9 do Imbassai, no Flamengo e Centro.<\/p>\n\n\n\n<p>A opera\u00e7\u00e3o tapa-buraco foi realizada nos bairros de Itaipua\u00e7u (ruas 35, 87 e 92, na localidade do Jardim Atl\u00e2ntico), no Flamengo (Rua M\u00e1rio Pedro da Silva) e no Condado (RJ- 106). A Estrada de Pindobas recebeu a aplica\u00e7\u00e3o de massa asf\u00e1ltica e em S\u00e3o Jos\u00e9 do Imbassa\u00ed foi feita a troca de solo na Estrada Joaquim Afonso Viana.<\/p>\n\n\n\n<p>As equipes da autarquia Servi\u00e7os de Obras de Maric\u00e1 (Somar) tamb\u00e9m estiveram na&nbsp; Avenida Maraj\u00f3, em S\u00e3o Jos\u00e9 de Imbassai, onde foi feita a confec\u00e7\u00e3o de cal\u00e7adas e na Rua Moacir Correia (lado da Orla) a prepara\u00e7\u00e3o do solo para coloca\u00e7\u00e3o de meio fio. Ainda em S\u00e3o Jos\u00e9 do Imbassa\u00ed, a Rua 12 (loteamento Raphaville), foi feita a drenagem e coloca\u00e7\u00e3o de tampas, a Rua Canan\u00e9ia, recebeu a limpeza e capina, enquanto a Rua Canind\u00e9 recebeu a limpeza de caixa (troca de grelha) e capina.<\/p>\n\n\n\n<p>A Rua 6, que fica no Retiro, passou pelas mesmas a\u00e7\u00f5es de drenagem. No loteamento Dom Phelipe, em S\u00e3o Jos\u00e9 do Imbassa\u00ed, a Rua J passou por coloca\u00e7\u00e3o de meio fio, e a Estrada Joaquim Afonso Viana, tamb\u00e9m em S\u00e3o Jos\u00e9 do Imbassa\u00ed teve a\u00e7\u00e3o de limpeza da via.<\/p>\n","protected":false},"excerpt":{"rendered":"<p>Constru\u00e7\u00e3o de cal\u00e7adas, pavimenta\u00e7\u00e3o e drenagem, estas s\u00e3o algumas das interven\u00e7\u00f5es realizadas pela Prefeitura nesta segunda-feira (10\/05) em Itaipua\u00e7u, Condado,<\/p>\n","protected":false},"author":1,"featured_media":23837,"comment_status":"open","ping_status":"open","sticky":false,"template":"","format":"standard","meta":{"colormag_page_container_layout":"default_layout","colormag_page_sidebar_layout":"default_layout","footnotes":""},"categories":[1],"tags":[],"class_list":["post-23836","post","type-post","status-publish","format-standard","has-post-thumbnail","hentry","category-noticias"],"amp_enabled":true,"_links":{"self":[{"href":"https:\/\/maricatotal.com.br\/site\/wp-json\/wp\/v2\/posts\/23836","targetHints":{"allow":["GET"]}}],"collection":[{"href":"https:\/\/maricatotal.com.br\/site\/wp-json\/wp\/v2\/posts"}],"about":[{"href":"https:\/\/maricatotal.com.br\/site\/wp-json\/wp\/v2\/types\/post"}],"author":[{"embeddable":true,"href":"https:\/\/maricatotal.com.br\/site\/wp-json\/wp\/v2\/users\/1"}],"replies":[{"embeddable":true,"href":"https:\/\/maricatotal.com.br\/site\/wp-json\/wp\/v2\/comments?post=23836"}],"version-history":[{"count":1,"href":"https:\/\/maricatotal.com.br\/site\/wp-json\/wp\/v2\/posts\/23836\/revisions"}],"predecessor-version":[{"id":23838,"href":"https:\/\/maricatotal.com.br\/site\/wp-json\/wp\/v2\/posts\/23836\/revisions\/23838"}],"wp:featuredmedia":[{"embeddable":true,"href":"https:\/\/maricatotal.com.br\/site\/wp-json\/wp\/v2\/media\/23837"}],"wp:attachment":[{"href":"https:\/\/maricatotal.com.br\/site\/wp-json\/wp\/v2\/media?parent=23836"}],"wp:term":[{"taxonomy":"category","embeddable":true,"href":"https:\/\/maricatotal.com.br\/site\/wp-json\/wp\/v2\/categories?post=23836"},{"taxonomy":"post_tag","embeddable":true,"href":"https:\/\/maricatotal.com.br\/site\/wp-json\/wp\/v2\/tags?post=23836"}],"curies":[{"name":"wp","href":"https:\/\/api.w.org\/{rel}","templated":true}]}}