{"id":23997,"date":"2021-05-17T07:03:41","date_gmt":"2021-05-17T10:03:41","guid":{"rendered":"https:\/\/maricatotal.com.br\/site\/?p=23997"},"modified":"2021-05-17T07:03:41","modified_gmt":"2021-05-17T10:03:41","slug":"aplicacao-de-primeira-dose-com-astrazeneca-e-suspensa-e-pessoas-com-deficiencia-terao-vacinacao-especial-2","status":"publish","type":"post","link":"https:\/\/maricatotal.com.br\/site\/2021\/05\/17\/aplicacao-de-primeira-dose-com-astrazeneca-e-suspensa-e-pessoas-com-deficiencia-terao-vacinacao-especial-2\/","title":{"rendered":"Aplica\u00e7\u00e3o de primeira dose com AstraZeneca \u00e9 suspensa e pessoas com defici\u00eancia ter\u00e3o vacina\u00e7\u00e3o especial"},"content":{"rendered":"\n<p>A vacina\u00e7\u00e3o contra a Covid-19 em Maric\u00e1 passa por dois momentos distintos na semana que come\u00e7a. Por um lado, a Secretaria de Sa\u00fade inicia uma parceria com o Conselho Municipal dos Direitos das Pessoas com Defici\u00eancia para uma imuniza\u00e7\u00e3o especial deste grupo. Por outro, a aplica\u00e7\u00e3o da primeira dose da AstraZeneca ficar\u00e1 suspensa at\u00e9 que novas doses sejam fornecidas pelo Minist\u00e9rio da Sa\u00fade.<\/p>\n\n\n\n<p>A secretaria esclarece que as 2.590 doses recebidas no s\u00e1bado (15\/5) far\u00e3o parte de uma reserva t\u00e9cnica para aplica\u00e7\u00e3o da segunda dose desta vacina.&nbsp; A imuniza\u00e7\u00e3o das pessoas com comorbidades e defici\u00eancias permanentes nas Unidades de Sa\u00fade da Fam\u00edlia e nas Unidades Volantes de Vacina\u00e7\u00e3o ser\u00e1 retomada t\u00e3o logo sejam recebidas novas doses de imunizantes. A vacina\u00e7\u00e3o das gestantes e pu\u00e9rperas sem comorbidades j\u00e1 havia sido suspensa.<\/p>\n\n\n\n<p>Para as pessoas com defici\u00eancia, a primeira a\u00e7\u00e3o ser\u00e1 realizada nesta quinta-feira (20\/5) numa \u00e1rea aberta (antes conhecida como granja) ao lado Igreja Batista Atos II, em Itapeba, das 9h \u00e0s 16h, e tem como objetivo facilitar a vacina\u00e7\u00e3o das pessoas com defici\u00eancia acima de 18 anos daquela regi\u00e3o. A a\u00e7\u00e3o ser\u00e1 repetida no 2\u00ba, 3\u00ba e 4\u00ba Distritos, em datas subsequentes. As equipes da Sa\u00fade da Fam\u00edlia mobilizar\u00e3o os pacientes cadastrados em cada regi\u00e3o.<\/p>\n\n\n\n<p>\u201cA ideia \u00e9 promover maior o acesso \u00e0 vacina\u00e7\u00e3o para as pessoas com defici\u00eancia, para al\u00e9m das unidades de sa\u00fade, visto que muitos t\u00eam necessidades de aten\u00e7\u00e3o diferenciada. Um local exclusivo trar\u00e1 maior facilidade para este p\u00fablico\u201d, diz Ren\u00ea Ferreira Lazzari, presidente do Condef.<\/p>\n","protected":false},"excerpt":{"rendered":"<p>A vacina\u00e7\u00e3o contra a Covid-19 em Maric\u00e1 passa por dois momentos distintos na semana que come\u00e7a. Por um lado, a<\/p>\n","protected":false},"author":1,"featured_media":23992,"comment_status":"open","ping_status":"open","sticky":false,"template":"","format":"standard","meta":{"colormag_page_container_layout":"default_layout","colormag_page_sidebar_layout":"default_layout","footnotes":""},"categories":[17],"tags":[],"class_list":["post-23997","post","type-post","status-publish","format-standard","has-post-thumbnail","hentry","category-politica"],"amp_enabled":true,"_links":{"self":[{"href":"https:\/\/maricatotal.com.br\/site\/wp-json\/wp\/v2\/posts\/23997","targetHints":{"allow":["GET"]}}],"collection":[{"href":"https:\/\/maricatotal.com.br\/site\/wp-json\/wp\/v2\/posts"}],"about":[{"href":"https:\/\/maricatotal.com.br\/site\/wp-json\/wp\/v2\/types\/post"}],"author":[{"embeddable":true,"href":"https:\/\/maricatotal.com.br\/site\/wp-json\/wp\/v2\/users\/1"}],"replies":[{"embeddable":true,"href":"https:\/\/maricatotal.com.br\/site\/wp-json\/wp\/v2\/comments?post=23997"}],"version-history":[{"count":1,"href":"https:\/\/maricatotal.com.br\/site\/wp-json\/wp\/v2\/posts\/23997\/revisions"}],"predecessor-version":[{"id":23998,"href":"https:\/\/maricatotal.com.br\/site\/wp-json\/wp\/v2\/posts\/23997\/revisions\/23998"}],"wp:featuredmedia":[{"embeddable":true,"href":"https:\/\/maricatotal.com.br\/site\/wp-json\/wp\/v2\/media\/23992"}],"wp:attachment":[{"href":"https:\/\/maricatotal.com.br\/site\/wp-json\/wp\/v2\/media?parent=23997"}],"wp:term":[{"taxonomy":"category","embeddable":true,"href":"https:\/\/maricatotal.com.br\/site\/wp-json\/wp\/v2\/categories?post=23997"},{"taxonomy":"post_tag","embeddable":true,"href":"https:\/\/maricatotal.com.br\/site\/wp-json\/wp\/v2\/tags?post=23997"}],"curies":[{"name":"wp","href":"https:\/\/api.w.org\/{rel}","templated":true}]}}