{"id":24059,"date":"2021-05-18T07:02:04","date_gmt":"2021-05-18T10:02:04","guid":{"rendered":"https:\/\/maricatotal.com.br\/site\/?p=24059"},"modified":"2021-05-18T07:02:05","modified_gmt":"2021-05-18T10:02:05","slug":"escolas-da-rede-municipal-retomam-aulas-a-partir-do-dia-07-06-de-forma-hibrida","status":"publish","type":"post","link":"https:\/\/maricatotal.com.br\/site\/2021\/05\/18\/escolas-da-rede-municipal-retomam-aulas-a-partir-do-dia-07-06-de-forma-hibrida\/","title":{"rendered":"Escolas da rede municipal retomam aulas a partir do dia 07\/06 de forma h\u00edbrida"},"content":{"rendered":"\n<p>A Prefeitura de Maric\u00e1, por meio do decreto de n\u00b0 703 publicado nesta segunda-feira (17\/05) no Jornal Oficial de Maric\u00e1 (JOM), autoriza, a partir do pr\u00f3ximo dia 25\/05, o retorno gradual das atividades presenciais no formato h\u00edbrido da rede p\u00fablica com col\u00e9gios estaduais e do Instituto Federal Fluminense (IFF). J\u00e1 as escolas municipais podem retornar a partir do dia 07\/06, tamb\u00e9m adotando o modelo h\u00edbrido. A decis\u00e3o foi tomada com base na an\u00e1lise dos indicadores da situa\u00e7\u00e3o da pandemia no munic\u00edpio feita permanentemente pela Secretaria de Sa\u00fade.<\/p>\n\n\n\n<p>De acordo com a Secretaria de Educa\u00e7\u00e3o, o modelo de ensino adotado para este per\u00edodo alterna grupos presenciais e ensino remoto. Os respons\u00e1veis poder\u00e3o optar neste momento em autorizar ou n\u00e3o, o retorno dos filhos para as unidades escolares.<\/p>\n\n\n\n<p>\u201cInicialmente retomar\u00e3o as turmas de 2\u00b0, 5\u00b0, 6\u00b0 e 9\u00ba anos, sempre atendidos com 50% da turma, adequando-se aos espa\u00e7os escolares\u201d, afirma a secret\u00e1ria de Educa\u00e7\u00e3o, Adriana Luiza da Costa, assegurando que a rede est\u00e1 preparada.<\/p>\n\n\n\n<p>\u201cDesde o in\u00edcio da pandemia a Secretaria de Educa\u00e7\u00e3o vem trabalhando na adequa\u00e7\u00e3o dos pr\u00e9dios, aquisi\u00e7\u00e3o de material e na capacita\u00e7\u00e3o de profissionais, obedecendo o estipulado pelos protocolos sanit\u00e1rios\u201d, acrescenta.<\/p>\n\n\n\n<p>Para o retorno das aulas o munic\u00edpio conta com uma m\u00e9dia de 719 docentes. Em pesquisa elaborada pela pasta, constatou-se que dos 8.510 alunos matriculados nos referidos anos de escolaridade, somente 30% deles optaram pelo retorno presencial nas unidades escolares municipais.<\/p>\n","protected":false},"excerpt":{"rendered":"<p>A Prefeitura de Maric\u00e1, por meio do decreto de n\u00b0 703 publicado nesta segunda-feira (17\/05) no Jornal Oficial de Maric\u00e1<\/p>\n","protected":false},"author":1,"featured_media":24060,"comment_status":"open","ping_status":"open","sticky":false,"template":"","format":"standard","meta":{"colormag_page_container_layout":"default_layout","colormag_page_sidebar_layout":"default_layout","footnotes":""},"categories":[18,17],"tags":[],"class_list":["post-24059","post","type-post","status-publish","format-standard","has-post-thumbnail","hentry","category-entretenimento","category-politica"],"amp_enabled":true,"_links":{"self":[{"href":"https:\/\/maricatotal.com.br\/site\/wp-json\/wp\/v2\/posts\/24059","targetHints":{"allow":["GET"]}}],"collection":[{"href":"https:\/\/maricatotal.com.br\/site\/wp-json\/wp\/v2\/posts"}],"about":[{"href":"https:\/\/maricatotal.com.br\/site\/wp-json\/wp\/v2\/types\/post"}],"author":[{"embeddable":true,"href":"https:\/\/maricatotal.com.br\/site\/wp-json\/wp\/v2\/users\/1"}],"replies":[{"embeddable":true,"href":"https:\/\/maricatotal.com.br\/site\/wp-json\/wp\/v2\/comments?post=24059"}],"version-history":[{"count":1,"href":"https:\/\/maricatotal.com.br\/site\/wp-json\/wp\/v2\/posts\/24059\/revisions"}],"predecessor-version":[{"id":24061,"href":"https:\/\/maricatotal.com.br\/site\/wp-json\/wp\/v2\/posts\/24059\/revisions\/24061"}],"wp:featuredmedia":[{"embeddable":true,"href":"https:\/\/maricatotal.com.br\/site\/wp-json\/wp\/v2\/media\/24060"}],"wp:attachment":[{"href":"https:\/\/maricatotal.com.br\/site\/wp-json\/wp\/v2\/media?parent=24059"}],"wp:term":[{"taxonomy":"category","embeddable":true,"href":"https:\/\/maricatotal.com.br\/site\/wp-json\/wp\/v2\/categories?post=24059"},{"taxonomy":"post_tag","embeddable":true,"href":"https:\/\/maricatotal.com.br\/site\/wp-json\/wp\/v2\/tags?post=24059"}],"curies":[{"name":"wp","href":"https:\/\/api.w.org\/{rel}","templated":true}]}}