{"id":24109,"date":"2021-05-19T07:12:59","date_gmt":"2021-05-19T10:12:59","guid":{"rendered":"https:\/\/maricatotal.com.br\/site\/?p=24109"},"modified":"2021-05-19T07:13:01","modified_gmt":"2021-05-19T10:13:01","slug":"estrutura-da-prefeitura-tem-duas-novas-pastas-e-troca-de-titularidade","status":"publish","type":"post","link":"https:\/\/maricatotal.com.br\/site\/2021\/05\/19\/estrutura-da-prefeitura-tem-duas-novas-pastas-e-troca-de-titularidade\/","title":{"rendered":"Estrutura da Prefeitura tem duas novas pastas e troca de titularidade"},"content":{"rendered":"\n<p><br>A Prefeitura de Maric\u00e1 ganhou aliadas na sua busca pela melhor presta\u00e7\u00e3o de servi\u00e7os na \u00faltima sexta-feira (14\/05). Publicadas no Jornal Oficial de Maric\u00e1 (JOM), de n\u00famero 1165, novas portarias anunciam a cria\u00e7\u00e3o das secretarias de Promo\u00e7\u00f5es e Projetos Especiais e Defesa do Consumidor, al\u00e9m da troca de titularidade na secretaria de Esportes e Lazer e do Instituto Darcy Ribeiro (IDR) do munic\u00edpio.<\/p>\n\n\n\n<p>\u00c0 frente da Secretaria de Promo\u00e7\u00f5es e Projetos Especiais, Jos\u00e9 Alexandre Almeida, que j\u00e1 exerceu o cargo de secret\u00e1rio de Turismo, conta como ser\u00e1 a din\u00e2mica de funcionamento da pasta.<\/p>\n\n\n\n<p>\u201cA proposta da Secretaria de Promo\u00e7\u00f5es e Projetos Especiais \u00e9 atuar dando apoio \u00e0s demais, fazendo um trabalho de promo\u00e7\u00e3o da imagem do munic\u00edpio enquanto destino tur\u00edstico e ambiental, tendo os titulares das pastas \u00e0 frente das a\u00e7\u00f5es\u201d, explica.<\/p>\n\n\n\n<p>De acordo com o secret\u00e1rio, uma das principais parcerias da pasta ser\u00e1 a secretaria de Turismo, que com os principais projetos como Natal Iluminado, R\u00e9veillon, Carnaval etc, inserem o munic\u00edpio no cen\u00e1rio tur\u00edstico do Estado. A pasta de Promo\u00e7\u00f5es e Projetos Especiais dar\u00e1 o suporte e apoio necess\u00e1rios para que estes eventos aconte\u00e7am com a magnitude necess\u00e1ria.<\/p>\n\n\n\n<p>\u201cEm um contexto geral, a secretaria nasce com uma miss\u00e3o de aplicar o plano municipal de desenvolvimento tur\u00edstico e sustent\u00e1vel\u201d, completa Jos\u00e9 Alexandre.<\/p>\n\n\n\n<p>A secretaria de Promo\u00e7\u00f5es e Projetos Especiais funciona atualmente no pr\u00e9dio administrativo da Prefeitura em Itaipua\u00e7u, mas logo ter\u00e1 um endere\u00e7o no Centro. A pasta tamb\u00e9m ficar\u00e1 respons\u00e1vel pelo atendimento \u00e0s entidades empresariais de Maric\u00e1 no p\u00f3s-pandemia e pelo site e aplicativo Conhe\u00e7a Maric\u00e1, em parceria com a Secretaria de Turismo.<\/p>\n\n\n\n<p>Outra novidade na estrutura da administra\u00e7\u00e3o municipal \u00e9 a Secretaria de Prote\u00e7\u00e3o e Defesa do Consumidor, que tem Felipe Paiva \u00e0 frente como titular. De acordo com o secret\u00e1rio, o principal objetivo da pasta \u00e9 planejar, elaborar, coordenar e executar as a\u00e7\u00f5es referentes \u00e0 rela\u00e7\u00f5es de consumo, ampliando a atua\u00e7\u00e3o do Estado-Executivo na tutela e garantia dos direitos dos consumidores, a fim de proteger o consumidor de eventuais desigualdades nas rela\u00e7\u00f5es comerciais, e atender a demanda dos consumidores de Maric\u00e1.<\/p>\n\n\n\n<p>\u201cA cria\u00e7\u00e3o da pasta demonstra que o Executivo est\u00e1 atento \u00e0s car\u00eancias do munic\u00edpio. As rela\u00e7\u00f5es consumeristas movimentam a economia do munic\u00edpio e a cria\u00e7\u00e3o da Secretaria de Prote\u00e7\u00e3o e Defesa do Consumidor permite que o consumidor se sinta mais seguro nessa rela\u00e7\u00e3o, tendo em vista que h\u00e1 uma pasta que tem por fun\u00e7\u00e3o garantir seus direitos\u201d, comenta o secret\u00e1rio Felipe Paiva.<\/p>\n\n\n\n<p>Ainda de acordo com ele, inicialmente a pasta est\u00e1 funcionando na sala do Procon, no Servi\u00e7os Integrados Municipal (SIM) do Centro, no pr\u00e9dio administrativo da Prefeitura em Itaipua\u00e7u e tamb\u00e9m no SIM de Ino\u00e3.<\/p>\n\n\n\n<p>Ap\u00f3s ter assumido a Secretaria de Esportes e Lazer, Filipe Bittencourt tamb\u00e9m est\u00e1 de volta \u00e0 titularidade da pasta. De acordo com ele, seu principal objetivo de atua\u00e7\u00e3o ser\u00e1 dar continuidade aos projetos s\u00f3cio esportivos j\u00e1 implementados no munic\u00edpio, e tamb\u00e9m fomentar a ampliar o incentivo do esporte de alto rendimento em Maric\u00e1.<\/p>\n\n\n\n<p>\u201cTemos a importante miss\u00e3o de instalarmos grandes equipamentos esportivos em nossa cidade, como um Gin\u00e1sio Multiuso, um complexo com piscina ol\u00edmpica, e outros projetos que ser\u00e3o de fundamental import\u00e2ncia para o desenvolvimento do esporte no munic\u00edpio\u201d, diz o secret\u00e1rio de Esportes e Lazer, Filipe Bittencourt.<\/p>\n\n\n\n<p>\u00c0 frente do Instituto Darcy Ribeiro (IDR) desde a sua cria\u00e7\u00e3o, Alan Novais d\u00e1 lugar agora ao novo presidente Rom\u00e1rio Galv\u00e3o Maia.<\/p>\n","protected":false},"excerpt":{"rendered":"<p>A Prefeitura de Maric\u00e1 ganhou aliadas na sua busca pela melhor presta\u00e7\u00e3o de servi\u00e7os na \u00faltima sexta-feira (14\/05). Publicadas no<\/p>\n","protected":false},"author":1,"featured_media":24110,"comment_status":"open","ping_status":"open","sticky":false,"template":"","format":"standard","meta":{"colormag_page_container_layout":"default_layout","colormag_page_sidebar_layout":"default_layout","footnotes":""},"categories":[17],"tags":[],"class_list":["post-24109","post","type-post","status-publish","format-standard","has-post-thumbnail","hentry","category-politica"],"amp_enabled":true,"_links":{"self":[{"href":"https:\/\/maricatotal.com.br\/site\/wp-json\/wp\/v2\/posts\/24109","targetHints":{"allow":["GET"]}}],"collection":[{"href":"https:\/\/maricatotal.com.br\/site\/wp-json\/wp\/v2\/posts"}],"about":[{"href":"https:\/\/maricatotal.com.br\/site\/wp-json\/wp\/v2\/types\/post"}],"author":[{"embeddable":true,"href":"https:\/\/maricatotal.com.br\/site\/wp-json\/wp\/v2\/users\/1"}],"replies":[{"embeddable":true,"href":"https:\/\/maricatotal.com.br\/site\/wp-json\/wp\/v2\/comments?post=24109"}],"version-history":[{"count":1,"href":"https:\/\/maricatotal.com.br\/site\/wp-json\/wp\/v2\/posts\/24109\/revisions"}],"predecessor-version":[{"id":24111,"href":"https:\/\/maricatotal.com.br\/site\/wp-json\/wp\/v2\/posts\/24109\/revisions\/24111"}],"wp:featuredmedia":[{"embeddable":true,"href":"https:\/\/maricatotal.com.br\/site\/wp-json\/wp\/v2\/media\/24110"}],"wp:attachment":[{"href":"https:\/\/maricatotal.com.br\/site\/wp-json\/wp\/v2\/media?parent=24109"}],"wp:term":[{"taxonomy":"category","embeddable":true,"href":"https:\/\/maricatotal.com.br\/site\/wp-json\/wp\/v2\/categories?post=24109"},{"taxonomy":"post_tag","embeddable":true,"href":"https:\/\/maricatotal.com.br\/site\/wp-json\/wp\/v2\/tags?post=24109"}],"curies":[{"name":"wp","href":"https:\/\/api.w.org\/{rel}","templated":true}]}}