{"id":24112,"date":"2021-05-19T07:22:22","date_gmt":"2021-05-19T10:22:22","guid":{"rendered":"https:\/\/maricatotal.com.br\/site\/?p=24112"},"modified":"2021-05-19T07:22:24","modified_gmt":"2021-05-19T10:22:24","slug":"saude-marica-realiza-live-sobre-violencia-a-crianca-e-ao-adolescente","status":"publish","type":"post","link":"https:\/\/maricatotal.com.br\/site\/2021\/05\/19\/saude-marica-realiza-live-sobre-violencia-a-crianca-e-ao-adolescente\/","title":{"rendered":"Sa\u00fade Maric\u00e1 realiza live sobre viol\u00eancia \u00e0 crian\u00e7a e ao adolescente"},"content":{"rendered":"\n<p>A Secretaria Municipal de Sa\u00fade de Maric\u00e1, atrav\u00e9s da Aten\u00e7\u00e3o Prim\u00e1ria \u00e0 Sa\u00fade, realiza nesta ter\u00e7a-feira (18\/05) live sobre o tema \u201cDesafios para o enfrentamento \u00e0 viol\u00eancia \u00e0 crian\u00e7a e ao adolescente, \u00e0s 14h\u201d. O acesso deve ser feito pela plataforma Zoom, no link:&nbsp;<a href=\"https:\/\/conasems-br.zoom.us\/j\/97403702968\">https:\/\/conasems-br.zoom.us\/j\/97403702968<\/a>. O evento online contar\u00e1 com a int\u00e9rprete de Libras Karen Bill\u00e9, do Centro de Refer\u00eancia em Pol\u00edticas Inclusivas de Maric\u00e1 (CRPI).<\/p>\n\n\n\n<p>A live ser\u00e1 mediada pela m\u00e9dica pediatra Ana Christina Escriv\u00e3es, integrante do Programa da Sa\u00fade Integral da Crian\u00e7a e Adolescente (PAISCA) de Maric\u00e1 e do N\u00facleo de Preven\u00e7\u00e3o de Viol\u00eancia de Maric\u00e1 e contar\u00e1 com quatro palestrantes, que falar\u00e3o por 10 minutos cada. S\u00e3o eles: a m\u00e9dica pediatra Fernanda Fialho, coordenadora do N\u00facleo Estadual de Sa\u00fade para Preven\u00e7\u00e3o e Aten\u00e7\u00e3o \u00e0s Viol\u00eancias; a bacharel em Direito Tatiana Toste, representante do Conselho Tutelar do Centro de Maric\u00e1; a psic\u00f3loga Priscila Gramosa da Concei\u00e7\u00e3o, representante do Conselho Tutelar de Ino\u00e3 \u2013 Maric\u00e1; e o psic\u00f3logo Atayde Bezerra, Gerente do CAPS Infantil Maric\u00e1.<\/p>\n\n\n\n<p>Segundo a Sociedade Brasileira de Pediatria (SBP), embora n\u00e3o haja ainda estat\u00edsticas oficiais, \u00e9 not\u00f3rio o n\u00famero crescente de viol\u00eancia contra crian\u00e7as e jovens durante a pandemia de Covid-19, uma vez que a v\u00edtima est\u00e1 limitada ou presa no ambiente domiciliar. De acordo com a subsecret\u00e1ria de Sa\u00fade de Maric\u00e1, Solange Oliveira, com a interrup\u00e7\u00e3o das aulas, e o fechamento de outros espa\u00e7os, onde tamb\u00e9m aconteciam a constru\u00e7\u00e3o de v\u00ednculos de confian\u00e7a com adultos fora de casa, ficou ainda mais desafiador a descoberta da viol\u00eancia dom\u00e9stica.<\/p>\n\n\n\n<p>\u201cO prolongamento dessa situa\u00e7\u00e3o de vulnerabilidade devido \u00e0 pandemia, refor\u00e7a nossa obriga\u00e7\u00e3o de agir. Ainda mais quando o agressor de crian\u00e7as e adolescentes \u00e9 algu\u00e9m de dentro da fam\u00edlia, que tem o dever legal de proteger e cuidar. Precisamos, enquanto poder p\u00fablico e enquanto sociedade, criar espa\u00e7os de acolhimento e discuss\u00e3o para incentivar a responsabilidade de todos em proteger crian\u00e7as e adolescentes, denunciando situa\u00e7\u00f5es suspeitas\u201d, ressalta a subsecret\u00e1ria.<\/p>\n\n\n\n<p>A pediatra e mediadora da live&nbsp; Ana Christina Escriv\u00e3es, integrante do Programa da Sa\u00fade Integral da Crian\u00e7a e Adolescente (PAISCA) de Maric\u00e1 explica a import\u00e2ncia do tema.<\/p>\n\n\n\n<p>\u201c\u00c0 princ\u00edpio, nosso N\u00facleo de Preven\u00e7\u00e3o de Viol\u00eancia de Maric\u00e1 (NPVM) pensou promover um encontro virtual, devido a pandemia, para discutirmos esse tema com alguns profissionais experientes neste assunto. Mas vamos aproveitar a oportunidade para expandir a discuss\u00e3o sobre os desafios para o enfrentamento a todos os tipos de viol\u00eancia contra crian\u00e7as e adolescentes e socializar o boletim epidemiol\u00f3gico dos casos notificados de viol\u00eancia \u00e0 crian\u00e7a e adolescente, com a perspectiva de implementar pol\u00edticas p\u00fablicas para o enfrentamento da viol\u00eancia no munic\u00edpio\u201d, diz.<\/p>\n\n\n\n<p>Para den\u00fancias de abuso ou viol\u00eancia pode ser feito pelos telefones da Secretaria de Assist\u00eancia Social de Maric\u00e1 est\u00e1 sendo realizado pelos telefones&nbsp;<a href=\"tel:(21) 97371-3293\">(21) 97371-3293<\/a>,&nbsp;<a href=\"tel:97635-5638\">97635-5638<\/a>&nbsp;ou&nbsp;<a href=\"tel:97630-9619\">97630-9619<\/a>. Para den\u00fancias de abuso ou viol\u00eancia dom\u00e9stica, o contato deve ser feito pelo Disque 100 e Disque 180. Em caso de viol\u00eancia contra crian\u00e7as, os telefones do Conselho Tutelar s\u00e3o&nbsp;<a href=\"tel:96676-2463\">96676-2463<\/a>&nbsp;ou&nbsp;<a href=\"tel:99195-5496\">99195-5496<\/a>&nbsp;(1\u00ba e 2\u00ba distritos) e&nbsp;<a href=\"tel:96675-3636\">96675-3636<\/a>&nbsp;(3\u00ba e 4\u00ba distritos). Quem preferir, pode mandar e-mail para&nbsp;<a href=\"mailto:assistenciasocial@marica.rj.gob.br\">assistenciasocial@marica.rj.gob.br<\/a>.<\/p>\n","protected":false},"excerpt":{"rendered":"<p>A Secretaria Municipal de Sa\u00fade de Maric\u00e1, atrav\u00e9s da Aten\u00e7\u00e3o Prim\u00e1ria \u00e0 Sa\u00fade, realiza nesta ter\u00e7a-feira (18\/05) live sobre o<\/p>\n","protected":false},"author":1,"featured_media":24113,"comment_status":"open","ping_status":"open","sticky":false,"template":"","format":"standard","meta":{"colormag_page_container_layout":"default_layout","colormag_page_sidebar_layout":"default_layout","footnotes":""},"categories":[18],"tags":[],"class_list":["post-24112","post","type-post","status-publish","format-standard","has-post-thumbnail","hentry","category-entretenimento"],"amp_enabled":true,"_links":{"self":[{"href":"https:\/\/maricatotal.com.br\/site\/wp-json\/wp\/v2\/posts\/24112","targetHints":{"allow":["GET"]}}],"collection":[{"href":"https:\/\/maricatotal.com.br\/site\/wp-json\/wp\/v2\/posts"}],"about":[{"href":"https:\/\/maricatotal.com.br\/site\/wp-json\/wp\/v2\/types\/post"}],"author":[{"embeddable":true,"href":"https:\/\/maricatotal.com.br\/site\/wp-json\/wp\/v2\/users\/1"}],"replies":[{"embeddable":true,"href":"https:\/\/maricatotal.com.br\/site\/wp-json\/wp\/v2\/comments?post=24112"}],"version-history":[{"count":1,"href":"https:\/\/maricatotal.com.br\/site\/wp-json\/wp\/v2\/posts\/24112\/revisions"}],"predecessor-version":[{"id":24114,"href":"https:\/\/maricatotal.com.br\/site\/wp-json\/wp\/v2\/posts\/24112\/revisions\/24114"}],"wp:featuredmedia":[{"embeddable":true,"href":"https:\/\/maricatotal.com.br\/site\/wp-json\/wp\/v2\/media\/24113"}],"wp:attachment":[{"href":"https:\/\/maricatotal.com.br\/site\/wp-json\/wp\/v2\/media?parent=24112"}],"wp:term":[{"taxonomy":"category","embeddable":true,"href":"https:\/\/maricatotal.com.br\/site\/wp-json\/wp\/v2\/categories?post=24112"},{"taxonomy":"post_tag","embeddable":true,"href":"https:\/\/maricatotal.com.br\/site\/wp-json\/wp\/v2\/tags?post=24112"}],"curies":[{"name":"wp","href":"https:\/\/api.w.org\/{rel}","templated":true}]}}