{"id":24239,"date":"2021-05-22T06:55:52","date_gmt":"2021-05-22T09:55:52","guid":{"rendered":"https:\/\/maricatotal.com.br\/site\/?p=24239"},"modified":"2021-05-22T06:55:53","modified_gmt":"2021-05-22T09:55:53","slug":"prefeitura-lamenta-morte-do-delegado-titular-de-marica-2","status":"publish","type":"post","link":"https:\/\/maricatotal.com.br\/site\/2021\/05\/22\/prefeitura-lamenta-morte-do-delegado-titular-de-marica-2\/","title":{"rendered":"Prefeitura lamenta morte do delegado titular de Maric\u00e1"},"content":{"rendered":"\n<p><br>A Prefeitura de Maric\u00e1 lamenta o falecimento do delegado titular da 82\u00aa DP (Maric\u00e1), J\u00falio C\u00e9sar Mulatinho Neto, de 74 anos, ocorrido na tarde desta sexta-feira (21\/05). Ele estava internado no Hospital Municipal Dr. Ernesto Che Guevara, em S\u00e3o Jos\u00e9 do Imbassa\u00ed, desde o dia 20\/04.<\/p>\n\n\n\n<p>Em raz\u00e3o da idade avan\u00e7ada ele desenvolveu uma das formas mais graves da doen\u00e7a e precisou ser internado em um leito de tratamento intensivo. Teve uma melhora na \u00faltima semana e passou por uma traqueostomia, mas o quadro se agravou.<\/p>\n","protected":false},"excerpt":{"rendered":"<p>A Prefeitura de Maric\u00e1 lamenta o falecimento do delegado titular da 82\u00aa DP (Maric\u00e1), J\u00falio C\u00e9sar Mulatinho Neto, de 74<\/p>\n","protected":false},"author":1,"featured_media":24240,"comment_status":"open","ping_status":"open","sticky":false,"template":"","format":"standard","meta":{"colormag_page_container_layout":"default_layout","colormag_page_sidebar_layout":"default_layout","footnotes":""},"categories":[1,17],"tags":[],"class_list":["post-24239","post","type-post","status-publish","format-standard","has-post-thumbnail","hentry","category-noticias","category-politica"],"amp_enabled":true,"_links":{"self":[{"href":"https:\/\/maricatotal.com.br\/site\/wp-json\/wp\/v2\/posts\/24239","targetHints":{"allow":["GET"]}}],"collection":[{"href":"https:\/\/maricatotal.com.br\/site\/wp-json\/wp\/v2\/posts"}],"about":[{"href":"https:\/\/maricatotal.com.br\/site\/wp-json\/wp\/v2\/types\/post"}],"author":[{"embeddable":true,"href":"https:\/\/maricatotal.com.br\/site\/wp-json\/wp\/v2\/users\/1"}],"replies":[{"embeddable":true,"href":"https:\/\/maricatotal.com.br\/site\/wp-json\/wp\/v2\/comments?post=24239"}],"version-history":[{"count":1,"href":"https:\/\/maricatotal.com.br\/site\/wp-json\/wp\/v2\/posts\/24239\/revisions"}],"predecessor-version":[{"id":24241,"href":"https:\/\/maricatotal.com.br\/site\/wp-json\/wp\/v2\/posts\/24239\/revisions\/24241"}],"wp:featuredmedia":[{"embeddable":true,"href":"https:\/\/maricatotal.com.br\/site\/wp-json\/wp\/v2\/media\/24240"}],"wp:attachment":[{"href":"https:\/\/maricatotal.com.br\/site\/wp-json\/wp\/v2\/media?parent=24239"}],"wp:term":[{"taxonomy":"category","embeddable":true,"href":"https:\/\/maricatotal.com.br\/site\/wp-json\/wp\/v2\/categories?post=24239"},{"taxonomy":"post_tag","embeddable":true,"href":"https:\/\/maricatotal.com.br\/site\/wp-json\/wp\/v2\/tags?post=24239"}],"curies":[{"name":"wp","href":"https:\/\/api.w.org\/{rel}","templated":true}]}}