{"id":24250,"date":"2021-05-22T08:59:11","date_gmt":"2021-05-22T11:59:11","guid":{"rendered":"https:\/\/maricatotal.com.br\/site\/?p=24250"},"modified":"2021-05-22T08:59:13","modified_gmt":"2021-05-22T11:59:13","slug":"com-cortejo-sepultamento-do-dr-mulatinho-sera-com-homenagem-em-marica","status":"publish","type":"post","link":"https:\/\/maricatotal.com.br\/site\/2021\/05\/22\/com-cortejo-sepultamento-do-dr-mulatinho-sera-com-homenagem-em-marica\/","title":{"rendered":"Com cortejo, sepultamento do Dr. Mulatinho ser\u00e1 com homenagem em Maric\u00e1"},"content":{"rendered":"\n<p>O sepultamento do Dr. J\u00falio C\u00e9sar Mulatinho, titular da 82\u00aa DP (Maric\u00e1), ser\u00e1 com cortejo e homenagens em Maric\u00e1.<\/p>\n\n\n\n<p>Policiais civis e militares ir\u00e3o homenagear o Delegado em um cortejo \u00e0s 15h, que seguir\u00e1 do Hospital Municipal Dr. Ernesto Che Guevara at\u00e9 o Cemit\u00e9rio Municipal de Maric\u00e1, no Centro. <\/p>\n\n\n\n<p>Em raz\u00e3o da idade avan\u00e7ada ele desenvolveu uma das formas mais graves da doen\u00e7a e precisou ser internado em um leito de tratamento intensivo. Teve uma melhora na \u00faltima semana e passou por uma traqueostomia, mas o quadro se agravou.<\/p>\n\n\n\n<p>O sepultamento est\u00e1 marcado para 16h.<\/p>\n","protected":false},"excerpt":{"rendered":"<p>O sepultamento do Dr. J\u00falio C\u00e9sar Mulatinho, titular da 82\u00aa DP (Maric\u00e1), ser\u00e1 com cortejo e homenagens em Maric\u00e1. Policiais<\/p>\n","protected":false},"author":1,"featured_media":24222,"comment_status":"open","ping_status":"open","sticky":false,"template":"","format":"standard","meta":{"colormag_page_container_layout":"default_layout","colormag_page_sidebar_layout":"default_layout","footnotes":""},"categories":[1],"tags":[],"class_list":["post-24250","post","type-post","status-publish","format-standard","has-post-thumbnail","hentry","category-noticias"],"amp_enabled":true,"_links":{"self":[{"href":"https:\/\/maricatotal.com.br\/site\/wp-json\/wp\/v2\/posts\/24250","targetHints":{"allow":["GET"]}}],"collection":[{"href":"https:\/\/maricatotal.com.br\/site\/wp-json\/wp\/v2\/posts"}],"about":[{"href":"https:\/\/maricatotal.com.br\/site\/wp-json\/wp\/v2\/types\/post"}],"author":[{"embeddable":true,"href":"https:\/\/maricatotal.com.br\/site\/wp-json\/wp\/v2\/users\/1"}],"replies":[{"embeddable":true,"href":"https:\/\/maricatotal.com.br\/site\/wp-json\/wp\/v2\/comments?post=24250"}],"version-history":[{"count":1,"href":"https:\/\/maricatotal.com.br\/site\/wp-json\/wp\/v2\/posts\/24250\/revisions"}],"predecessor-version":[{"id":24251,"href":"https:\/\/maricatotal.com.br\/site\/wp-json\/wp\/v2\/posts\/24250\/revisions\/24251"}],"wp:featuredmedia":[{"embeddable":true,"href":"https:\/\/maricatotal.com.br\/site\/wp-json\/wp\/v2\/media\/24222"}],"wp:attachment":[{"href":"https:\/\/maricatotal.com.br\/site\/wp-json\/wp\/v2\/media?parent=24250"}],"wp:term":[{"taxonomy":"category","embeddable":true,"href":"https:\/\/maricatotal.com.br\/site\/wp-json\/wp\/v2\/categories?post=24250"},{"taxonomy":"post_tag","embeddable":true,"href":"https:\/\/maricatotal.com.br\/site\/wp-json\/wp\/v2\/tags?post=24250"}],"curies":[{"name":"wp","href":"https:\/\/api.w.org\/{rel}","templated":true}]}}