{"id":24294,"date":"2021-05-24T09:27:52","date_gmt":"2021-05-24T12:27:52","guid":{"rendered":"https:\/\/maricatotal.com.br\/site\/?p=24294"},"modified":"2021-05-24T09:27:53","modified_gmt":"2021-05-24T12:27:53","slug":"estrutura-administrativa-da-prefeitura-tem-troca-de-titularidade-e-nova-assessoria-especial","status":"publish","type":"post","link":"https:\/\/maricatotal.com.br\/site\/2021\/05\/24\/estrutura-administrativa-da-prefeitura-tem-troca-de-titularidade-e-nova-assessoria-especial\/","title":{"rendered":"Estrutura administrativa da Prefeitura tem troca de titularidade e nova assessoria especial"},"content":{"rendered":"\n<p>O Jornal Oficial de Maric\u00e1 (JOM), publicado na \u00faltima quarta-feira, 19\/05, trouxe mudan\u00e7as na estrutura administrativa da Prefeitura de Maric\u00e1, com a cria\u00e7\u00e3o&nbsp; da Assessoria Especial de Parcerias P\u00fablico-Privadas e Servi\u00e7os Concedidos. Al\u00e9m disso, houve troca de titularidade na Secretaria de Economia Solid\u00e1ria, assumindo Rebeca Azevedo.<\/p>\n\n\n\n<p>De acordo com a nova secret\u00e1ria de Economia Solid\u00e1ria, Rebeca Azevedo, que \u00e9 assistente social por forma\u00e7\u00e3o, as principais apostas da sua gest\u00e3o \u00e9, al\u00e9m de continuar a manuten\u00e7\u00e3o dos projetos e programas que j\u00e1 existem e s\u00e3o refer\u00eancia, avan\u00e7ar na pauta da sa\u00fade mental, da popula\u00e7\u00e3o de rua e da participa\u00e7\u00e3o popular.<\/p>\n\n\n\n<p>\u201cVamos desenvolver mais os mecanismos de economia solid\u00e1ria, que v\u00e3o al\u00e9m da transfer\u00eancia de renda. A aposta \u00e9 estar mais pr\u00f3xima da popula\u00e7\u00e3o dentro de uma perspectiva de participa\u00e7\u00e3o popular de fomentar os conselhos de economia solid\u00e1ria e avan\u00e7ar em outras bandeiras, como a da sa\u00fade mental, em parceria com a Assist\u00eancia Social\u201d, disse.<\/p>\n\n\n\n<p>Jos\u00e9 Orlando Dias, ex-presidente da Companhia de Desenvolvimento de Maric\u00e1 (Codemar), foi a pessoa escolhida para assumir o cargo de Assessor Especial .&nbsp;\u201cO objetivo \u00e9 dar continuidade \u00e0s a\u00e7\u00f5es de desenvolvimento econ\u00f4mico, buscando parcerias privadas em servi\u00e7os e equipamentos n\u00e3o relacionados aos interesses p\u00fablicos. Com isso, atraindo novos investimentos com gera\u00e7\u00e3o de novas receitas e oportunidades de empregos em Maric\u00e1 e Regi\u00e3o\u201d, explicou.<\/p>\n\n\n\n<p>Ainda de acordo com ele, o primeiro passo ser\u00e1 o desenvolvimento de um manual de parcerias e concess\u00f5es, ap\u00f3s ser\u00e1 feito um alinhamento com os interessados do Munic\u00edpio. Depois desses processos, haver\u00e1 um treinamento da equipe para os processos de implanta\u00e7\u00e3o das parcerias e o \u00faltimo passo \u00e9 a coordena\u00e7\u00e3o de implanta\u00e7\u00e3o e monitoramento das parcerias e concess\u00f5es.<\/p>\n\n\n\n<p>\u201cMais uma vez Maric\u00e1 sai na frente de todos, planejando os modelos de concess\u00f5es e criando uma equipe pr\u00f3pria especializada para garantir o sucesso de nossas a\u00e7\u00f5es\u201d, completou.<\/p>\n","protected":false},"excerpt":{"rendered":"<p>O Jornal Oficial de Maric\u00e1 (JOM), publicado na \u00faltima quarta-feira, 19\/05, trouxe mudan\u00e7as na estrutura administrativa da Prefeitura de Maric\u00e1,<\/p>\n","protected":false},"author":1,"featured_media":24063,"comment_status":"open","ping_status":"open","sticky":false,"template":"","format":"standard","meta":{"colormag_page_container_layout":"default_layout","colormag_page_sidebar_layout":"default_layout","footnotes":""},"categories":[17],"tags":[],"class_list":["post-24294","post","type-post","status-publish","format-standard","has-post-thumbnail","hentry","category-politica"],"amp_enabled":true,"_links":{"self":[{"href":"https:\/\/maricatotal.com.br\/site\/wp-json\/wp\/v2\/posts\/24294","targetHints":{"allow":["GET"]}}],"collection":[{"href":"https:\/\/maricatotal.com.br\/site\/wp-json\/wp\/v2\/posts"}],"about":[{"href":"https:\/\/maricatotal.com.br\/site\/wp-json\/wp\/v2\/types\/post"}],"author":[{"embeddable":true,"href":"https:\/\/maricatotal.com.br\/site\/wp-json\/wp\/v2\/users\/1"}],"replies":[{"embeddable":true,"href":"https:\/\/maricatotal.com.br\/site\/wp-json\/wp\/v2\/comments?post=24294"}],"version-history":[{"count":1,"href":"https:\/\/maricatotal.com.br\/site\/wp-json\/wp\/v2\/posts\/24294\/revisions"}],"predecessor-version":[{"id":24295,"href":"https:\/\/maricatotal.com.br\/site\/wp-json\/wp\/v2\/posts\/24294\/revisions\/24295"}],"wp:featuredmedia":[{"embeddable":true,"href":"https:\/\/maricatotal.com.br\/site\/wp-json\/wp\/v2\/media\/24063"}],"wp:attachment":[{"href":"https:\/\/maricatotal.com.br\/site\/wp-json\/wp\/v2\/media?parent=24294"}],"wp:term":[{"taxonomy":"category","embeddable":true,"href":"https:\/\/maricatotal.com.br\/site\/wp-json\/wp\/v2\/categories?post=24294"},{"taxonomy":"post_tag","embeddable":true,"href":"https:\/\/maricatotal.com.br\/site\/wp-json\/wp\/v2\/tags?post=24294"}],"curies":[{"name":"wp","href":"https:\/\/api.w.org\/{rel}","templated":true}]}}