{"id":24441,"date":"2021-05-27T07:36:48","date_gmt":"2021-05-27T10:36:48","guid":{"rendered":"https:\/\/maricatotal.com.br\/site\/?p=24441"},"modified":"2021-05-27T07:36:49","modified_gmt":"2021-05-27T10:36:49","slug":"itaipuacu-ganha-nova-orla-estacoes-de-vermelhinhas-e-praca","status":"publish","type":"post","link":"https:\/\/maricatotal.com.br\/site\/2021\/05\/27\/itaipuacu-ganha-nova-orla-estacoes-de-vermelhinhas-e-praca\/","title":{"rendered":"Itaipua\u00e7u ganha nova orla, esta\u00e7\u00f5es de vermelhinhas e pra\u00e7a"},"content":{"rendered":"\n<p>A regi\u00e3o de Itaipua\u00e7u tamb\u00e9m foi contemplada nesta quarta-feira (26\/05) com uma s\u00e9rie de inaugura\u00e7\u00f5es, comemorando o anivers\u00e1rio de 207 anos de Maric\u00e1. Primeiro, a rec\u00e9m-revitalizada orla do bairro teve sua primeira etapa entregue \u00e0 popula\u00e7\u00e3o juntamente com a esta\u00e7\u00e3o das bicicletas gratuitas da Empresa P\u00fablica de Transportes (EPT), as chamadas \u2018vermelhinhas\u2019. Em seguida, foi a vez da Pra\u00e7a dos Clubes, que fica no Jardim Atl\u00e2ntico e \u00e9 composta por quatro \u00e1reas abertas onde foram erguidos os escudos dos quatro principais times cariocas. Duas dessas \u00e1reas receber\u00e3o playground (a do Fluminense e do Botafogo) e academia ao ar livre (do Flamengo e do Vasco), al\u00e9m de ilumina\u00e7\u00e3o e paisagismo.<\/p>\n\n\n\n<p>Na primeira solenidade, o prefeito Fabiano Horta teve como convidado o presidente da Assembleia Legislativa do Rio, deputado Andr\u00e9 Ceciliano. O parlamentar caminhou junto com o prefeito e conheceu o cal\u00e7ad\u00e3o, as faixas para ciclistas e corredores e a esta\u00e7\u00e3o das vermelhinhas. Ele afirmou que a obra d\u00e1 um novo valor \u00e0 regi\u00e3o.<\/p>\n\n\n\n<p>\u201cToda essa beleza se junta com as bicicletas gratuitas \u00e0 popula\u00e7\u00e3o, que simbolizam sa\u00fade e qualidade de vida. \u00c9 mais uma das marcas desta gest\u00e3o, al\u00e9m dos cuidados que implantou durante a pandemia. N\u00f3s da Alerj temos orgulho de ver que Maric\u00e1 est\u00e1 passando por tudo isso de cabe\u00e7a erguida\u201d, exaltou Ceciliano em seu discurso.<\/p>\n\n\n\n<p>Sobre as inaugura\u00e7\u00f5es, Fabiano Horta afirmou que a orla tem um forte simbolismo para a cidade e que a Pra\u00e7a dos Clubes lida com a paix\u00e3o do brasileiro pelo futebol.<\/p>\n\n\n\n<p>\u201cA orla \u00e9 a maior entrega de investimento p\u00fablico que realizamos nos \u00faltimos quatro anos, e demonstra que queremos uma cidade que seja bela e funcional. As bicicletas significam sa\u00fade, agilidade e rapidez, assim como os times representados nesta pra\u00e7a significam a emo\u00e7\u00e3o que o brasileiro tem com o esporte. Al\u00e9m dessas obras, festejamos hoje a alma maricaense e as pol\u00edticas sociais que constru\u00edmos nos \u00faltimos 13 anos, com a rede de prote\u00e7\u00e3o social que inclui ainda nossa moeda social e o transporte gratuito\u201d, listou o prefeito.<\/p>\n\n\n\n<p>O vice-prefeito Diego Zeidan seguiu a linha e ressaltou que Maric\u00e1 tem hoje os melhores n\u00fameros econ\u00f4micos do estado, o que deve ser comemorado. \u201cAinda sentimos o luto pelas perdas para o v\u00edrus, nesse anivers\u00e1rio temos de celebrar o fato de a cidade ser o contraponto do cen\u00e1rio nacional, tendo nosso povo no centro das a\u00e7\u00f5es\u201d, pontuou.<\/p>\n\n\n\n<p>Na orla, muita gente estava curiosa para saber como funcionam as bicicletas vermelhinhas, que s\u00e3o solicitadas atrav\u00e9s de um aplicativo de celular. A advogada Elaine Soares Oliveira, de 62 anos, disse que vai usar sempre que for ao local. \u201cJ\u00e1 ando bastante por aqui e vou andar ainda mais. Foi uma \u00f3tima surpresa ver isso aqui, o espa\u00e7o n\u00e3o deve nada a Copacabana, por exemplo. Todo mundo tem de vir e ver\u201d, convocou a moradora do Barroco.<\/p>\n\n\n\n<p>J\u00e1 curtindo a Pra\u00e7a dos Clubes, que fica no cruzamento das ruas Douglas Marques Rienti (antiga 83) e Van Lerbergue (antiga 34), a comerciante Keila da Silva Fidalgo, de 32 anos, observava a filha Lara J\u00falia, de 7 anos, utilizando o balan\u00e7o do playground da \u00e1rea do Botafogo, por sinal seu time do cora\u00e7\u00e3o. \u201c\u00c9 uma coisa diferente, muito criativa, e que vira uma op\u00e7\u00e3o de lazer para nossas crian\u00e7as. Gostei muito\u201d, disse ela.<\/p>\n","protected":false},"excerpt":{"rendered":"<p>A regi\u00e3o de Itaipua\u00e7u tamb\u00e9m foi contemplada nesta quarta-feira (26\/05) com uma s\u00e9rie de inaugura\u00e7\u00f5es, comemorando o anivers\u00e1rio de 207<\/p>\n","protected":false},"author":1,"featured_media":24442,"comment_status":"open","ping_status":"open","sticky":false,"template":"","format":"standard","meta":{"colormag_page_container_layout":"default_layout","colormag_page_sidebar_layout":"default_layout","footnotes":""},"categories":[14,18],"tags":[],"class_list":["post-24441","post","type-post","status-publish","format-standard","has-post-thumbnail","hentry","category-bairros","category-entretenimento"],"amp_enabled":true,"_links":{"self":[{"href":"https:\/\/maricatotal.com.br\/site\/wp-json\/wp\/v2\/posts\/24441","targetHints":{"allow":["GET"]}}],"collection":[{"href":"https:\/\/maricatotal.com.br\/site\/wp-json\/wp\/v2\/posts"}],"about":[{"href":"https:\/\/maricatotal.com.br\/site\/wp-json\/wp\/v2\/types\/post"}],"author":[{"embeddable":true,"href":"https:\/\/maricatotal.com.br\/site\/wp-json\/wp\/v2\/users\/1"}],"replies":[{"embeddable":true,"href":"https:\/\/maricatotal.com.br\/site\/wp-json\/wp\/v2\/comments?post=24441"}],"version-history":[{"count":1,"href":"https:\/\/maricatotal.com.br\/site\/wp-json\/wp\/v2\/posts\/24441\/revisions"}],"predecessor-version":[{"id":24443,"href":"https:\/\/maricatotal.com.br\/site\/wp-json\/wp\/v2\/posts\/24441\/revisions\/24443"}],"wp:featuredmedia":[{"embeddable":true,"href":"https:\/\/maricatotal.com.br\/site\/wp-json\/wp\/v2\/media\/24442"}],"wp:attachment":[{"href":"https:\/\/maricatotal.com.br\/site\/wp-json\/wp\/v2\/media?parent=24441"}],"wp:term":[{"taxonomy":"category","embeddable":true,"href":"https:\/\/maricatotal.com.br\/site\/wp-json\/wp\/v2\/categories?post=24441"},{"taxonomy":"post_tag","embeddable":true,"href":"https:\/\/maricatotal.com.br\/site\/wp-json\/wp\/v2\/tags?post=24441"}],"curies":[{"name":"wp","href":"https:\/\/api.w.org\/{rel}","templated":true}]}}