{"id":25213,"date":"2021-06-16T07:42:54","date_gmt":"2021-06-16T10:42:54","guid":{"rendered":"https:\/\/maricatotal.com.br\/site\/?p=25213"},"modified":"2021-06-16T07:42:55","modified_gmt":"2021-06-16T10:42:55","slug":"marica-escolas-da-rede-publica-tem-previsao-de-retorno-para-o-dia-05-07-de-forma-hibrida","status":"publish","type":"post","link":"https:\/\/maricatotal.com.br\/site\/2021\/06\/16\/marica-escolas-da-rede-publica-tem-previsao-de-retorno-para-o-dia-05-07-de-forma-hibrida\/","title":{"rendered":"Maric\u00e1: Escolas da rede p\u00fablica t\u00eam previs\u00e3o de retorno para o dia 05\/07 de forma h\u00edbrida"},"content":{"rendered":"\n<p>\u00c0 medida que a imuniza\u00e7\u00e3o contra a Covid-19 avan\u00e7a na cidade, a Prefeitura de Maric\u00e1 se prepara para retornar, de forma h\u00edbrida, as aulas da rede municipal de educa\u00e7\u00e3o. Reduzidas a 50% no atendimento de seu p\u00fablico total, as escolas retomam suas atividades no dia 05\/07, quando se encerra o recesso escolar, antecipado para o per\u00edodo entre 18\/06 a 02\/07 devido ao calend\u00e1rio de vacina\u00e7\u00e3o dos profissionais da educa\u00e7\u00e3o. O recesso aconteceria de 16 a 31\/07.<\/p>\n\n\n\n<p>De acordo com a subsecret\u00e1ria de Sa\u00fade, Solange Oliveira, 2.063 professores e profissionais de apoio foram vacinados. \u201cAt\u00e9 aqui vacinamos metade dos trabalhadores da Educa\u00e7\u00e3o nas redes p\u00fablica e privada de Maric\u00e1. Teremos repescagem permanente desse grupo, mas, assim como os profissionais de Sa\u00fade, parte dos professores n\u00e3o reside em Maric\u00e1, o que os leva a se vacinarem em outros locais. De todo modo, a rede p\u00fablica de Educa\u00e7\u00e3o far\u00e1 o monitoramento para certificar de que todos estejam imunizados\u201d, afirmou.<\/p>\n\n\n\n<p>Segundo a secret\u00e1ria de Educa\u00e7\u00e3o, Adriana Luiza da Costa, a antecipa\u00e7\u00e3o do recesso n\u00e3o compromete a carga hor\u00e1ria necess\u00e1ria para cumprir o ano letivo.<\/p>\n\n\n\n<p>\u201cEm reuni\u00e3o com os sindicatos dos profissionais de educa\u00e7\u00e3o, com representantes das escolas particulares e com presidente da Comiss\u00e3o de Educa\u00e7\u00e3o da C\u00e2mara Municipal, propusemos a antecipa\u00e7\u00e3o do recesso escolar, n\u00e3o havendo preju\u00edzo de carga hor\u00e1ria de 200 dias letivos e 800 horas\u201d, afirmou.<\/p>\n\n\n\n<p>Para o retorno das aulas, foi elaborado um calend\u00e1rio especial. Do dia 05\/07 ao dia 09\/07, retornam para as salas de aula os alunos do Pr\u00e9-II, 5\u00ba e 9\u00ba anos; do dia 12 ao 16\/07, os estudantes do Pr\u00e9 II, Pr\u00e9-I, 5\u00ba, 2\u00ba, 3\u00ba, 9\u00ba, 6\u00ba e 7\u00ba anos. Entre os dias 19 e 23\/07, est\u00e3o previstos para voltarem \u00e0s aulas os alunos do Pr\u00e9-I, Pr\u00e9-II, Maternal-II, 2\u00ba, 3\u00ba, 5\u00ba, 1\u00ba e 4\u00ba anos, al\u00e9m dos 6\u00b0, 7\u00ba, 8\u00ba e 9\u00ba anos.<\/p>\n\n\n\n<p>Para a \u00faltima semana do m\u00eas de julho, de 26 ao dia 30\/07, a previs\u00e3o \u00e9 que as aulas retornem para os estudantes do Maternal I e II, Pr\u00e9-I, Pr\u00e9-II, Ber\u00e7\u00e1rio, Ensino Fundamental I e II, e alunos com defici\u00eancia. J\u00e1 a Educa\u00e7\u00e3o para Jovens e Adolescentes (EJA) I a 9\u00aa fase tem previs\u00e3o de retorno no dia 27\/07.<\/p>\n\n\n\n<p>Atualmente as aulas est\u00e3o sendo realizadas remotamente atrav\u00e9s da plataforma online e com atividades impressas. Para um retorno seguro, as unidades escolares est\u00e3o totalmente adaptadas com \u00e1lcool em gel nos corredores, obedecendo todo protocolo de seguran\u00e7a.<\/p>\n","protected":false},"excerpt":{"rendered":"<p>\u00c0 medida que a imuniza\u00e7\u00e3o contra a Covid-19 avan\u00e7a na cidade, a Prefeitura de Maric\u00e1 se prepara para retornar, de<\/p>\n","protected":false},"author":1,"featured_media":25214,"comment_status":"open","ping_status":"open","sticky":false,"template":"","format":"standard","meta":{"colormag_page_container_layout":"default_layout","colormag_page_sidebar_layout":"default_layout","footnotes":""},"categories":[18],"tags":[],"class_list":["post-25213","post","type-post","status-publish","format-standard","has-post-thumbnail","hentry","category-entretenimento"],"amp_enabled":true,"_links":{"self":[{"href":"https:\/\/maricatotal.com.br\/site\/wp-json\/wp\/v2\/posts\/25213","targetHints":{"allow":["GET"]}}],"collection":[{"href":"https:\/\/maricatotal.com.br\/site\/wp-json\/wp\/v2\/posts"}],"about":[{"href":"https:\/\/maricatotal.com.br\/site\/wp-json\/wp\/v2\/types\/post"}],"author":[{"embeddable":true,"href":"https:\/\/maricatotal.com.br\/site\/wp-json\/wp\/v2\/users\/1"}],"replies":[{"embeddable":true,"href":"https:\/\/maricatotal.com.br\/site\/wp-json\/wp\/v2\/comments?post=25213"}],"version-history":[{"count":1,"href":"https:\/\/maricatotal.com.br\/site\/wp-json\/wp\/v2\/posts\/25213\/revisions"}],"predecessor-version":[{"id":25215,"href":"https:\/\/maricatotal.com.br\/site\/wp-json\/wp\/v2\/posts\/25213\/revisions\/25215"}],"wp:featuredmedia":[{"embeddable":true,"href":"https:\/\/maricatotal.com.br\/site\/wp-json\/wp\/v2\/media\/25214"}],"wp:attachment":[{"href":"https:\/\/maricatotal.com.br\/site\/wp-json\/wp\/v2\/media?parent=25213"}],"wp:term":[{"taxonomy":"category","embeddable":true,"href":"https:\/\/maricatotal.com.br\/site\/wp-json\/wp\/v2\/categories?post=25213"},{"taxonomy":"post_tag","embeddable":true,"href":"https:\/\/maricatotal.com.br\/site\/wp-json\/wp\/v2\/tags?post=25213"}],"curies":[{"name":"wp","href":"https:\/\/api.w.org\/{rel}","templated":true}]}}