{"id":25247,"date":"2021-06-17T07:31:00","date_gmt":"2021-06-17T10:31:00","guid":{"rendered":"https:\/\/maricatotal.com.br\/site\/?p=25247"},"modified":"2021-06-17T07:31:01","modified_gmt":"2021-06-17T10:31:01","slug":"saude-muda-dinamica-de-vacinacao-de-gestantes-e-puerperas-com-comorbidades","status":"publish","type":"post","link":"https:\/\/maricatotal.com.br\/site\/2021\/06\/17\/saude-muda-dinamica-de-vacinacao-de-gestantes-e-puerperas-com-comorbidades\/","title":{"rendered":"Sa\u00fade muda din\u00e2mica de vacina\u00e7\u00e3o de gestantes e pu\u00e9rperas com comorbidades"},"content":{"rendered":"\n<p>A Secretaria Municipal de Sa\u00fade (SMS), realizou uma mudan\u00e7a no calend\u00e1rio de vacina\u00e7\u00e3o de gestantes e pu\u00e9rperas (acima de 18 anos) com comorbidades contra a Covid-19 nesta quarta-feira, 16\/06.<\/p>\n\n\n\n<p>Antes, as gestantes e pu\u00e9rperas com comorbidades, com mais de 18 anos, precisavam fazer seu cadastro para agendamento da vacina\u00e7\u00e3o (1\u00aa ou 2\u00aa dose), na Unidade de Sa\u00fade da Fam\u00edlia (USF) mais pr\u00f3xima da sua casa.<\/p>\n\n\n\n<p>Agora, basta as gestantes e pu\u00e9rperas, se dirigirem ao Posto de Sa\u00fade Central, no Centro, \u00e0s segundas-feiras, das 9h \u00e0s 12h, para receberem a aplica\u00e7\u00e3o da 1\u00aa ou 2\u00aa dose dos imunizantes destinados ao p\u00fablico-alvo.<\/p>\n\n\n\n<p>De acordo com a subsecret\u00e1ria de Sa\u00fade, Solange Oliveira, a mudan\u00e7a se deu por conta de uma otimiza\u00e7\u00e3o da vacina\u00e7\u00e3o.<\/p>\n\n\n\n<p>\u201cResolvemos concentrar a vacina\u00e7\u00e3o para este p\u00fablico em um s\u00f3 local porque a demanda \u00e9 pequena no munic\u00edpio. Al\u00e9m disso, a medida evita que aconte\u00e7a um eventual desperd\u00edcio, j\u00e1 que as doses reservadas para as gestantes e pu\u00e9rperas com comorbidades, com mais de 18 anos, ser\u00e3o aplicadas em sua totalidade neste p\u00fablico-alvo\u201d, explicou a subsecret\u00e1ria Solange Oliveira.<\/p>\n","protected":false},"excerpt":{"rendered":"<p>A Secretaria Municipal de Sa\u00fade (SMS), realizou uma mudan\u00e7a no calend\u00e1rio de vacina\u00e7\u00e3o de gestantes e pu\u00e9rperas (acima de 18<\/p>\n","protected":false},"author":1,"featured_media":25248,"comment_status":"open","ping_status":"open","sticky":false,"template":"","format":"standard","meta":{"colormag_page_container_layout":"default_layout","colormag_page_sidebar_layout":"default_layout","footnotes":""},"categories":[18],"tags":[],"class_list":["post-25247","post","type-post","status-publish","format-standard","has-post-thumbnail","hentry","category-entretenimento"],"amp_enabled":true,"_links":{"self":[{"href":"https:\/\/maricatotal.com.br\/site\/wp-json\/wp\/v2\/posts\/25247","targetHints":{"allow":["GET"]}}],"collection":[{"href":"https:\/\/maricatotal.com.br\/site\/wp-json\/wp\/v2\/posts"}],"about":[{"href":"https:\/\/maricatotal.com.br\/site\/wp-json\/wp\/v2\/types\/post"}],"author":[{"embeddable":true,"href":"https:\/\/maricatotal.com.br\/site\/wp-json\/wp\/v2\/users\/1"}],"replies":[{"embeddable":true,"href":"https:\/\/maricatotal.com.br\/site\/wp-json\/wp\/v2\/comments?post=25247"}],"version-history":[{"count":1,"href":"https:\/\/maricatotal.com.br\/site\/wp-json\/wp\/v2\/posts\/25247\/revisions"}],"predecessor-version":[{"id":25249,"href":"https:\/\/maricatotal.com.br\/site\/wp-json\/wp\/v2\/posts\/25247\/revisions\/25249"}],"wp:featuredmedia":[{"embeddable":true,"href":"https:\/\/maricatotal.com.br\/site\/wp-json\/wp\/v2\/media\/25248"}],"wp:attachment":[{"href":"https:\/\/maricatotal.com.br\/site\/wp-json\/wp\/v2\/media?parent=25247"}],"wp:term":[{"taxonomy":"category","embeddable":true,"href":"https:\/\/maricatotal.com.br\/site\/wp-json\/wp\/v2\/categories?post=25247"},{"taxonomy":"post_tag","embeddable":true,"href":"https:\/\/maricatotal.com.br\/site\/wp-json\/wp\/v2\/tags?post=25247"}],"curies":[{"name":"wp","href":"https:\/\/api.w.org\/{rel}","templated":true}]}}