{"id":25310,"date":"2021-06-18T10:13:38","date_gmt":"2021-06-18T13:13:38","guid":{"rendered":"https:\/\/maricatotal.com.br\/site\/?p=25310"},"modified":"2021-06-18T10:13:40","modified_gmt":"2021-06-18T13:13:40","slug":"covid-19-paes-antecipa-em-um-mes-o-calendario-de-vacinacao","status":"publish","type":"post","link":"https:\/\/maricatotal.com.br\/site\/2021\/06\/18\/covid-19-paes-antecipa-em-um-mes-o-calendario-de-vacinacao\/","title":{"rendered":"Covid-19: Paes antecipa em um m\u00eas o calend\u00e1rio de vacina\u00e7\u00e3o"},"content":{"rendered":"\n<p>Na manh\u00e3 desta sexta (18), ao lado do ministro da Sa\u00fade Marcelo Queiroga, o prefeito Eduardo Paes anunciou que vai\u00a0antecipar, mais uma vez, o calend\u00e1rio de vacina\u00e7\u00e3o contra a Covid-19.<\/p>\n\n\n\n<p>De acordo com a nova atualiza\u00e7\u00e3o,\u00a0a expectativa \u00e9 que todos os cariocas acima de 18 anos recebam ao menos a primeira dose do imunizante at\u00e9 31 de agosto (inicialmente, a previs\u00e3o era at\u00e9 o fim de outubro).<\/p>\n\n\n\n<p>O novo cronograma tamb\u00e9m joga luz sobre a\u00a0vacina\u00e7\u00e3o de adolescentes entre 12 e 17 anos. Essa faixa et\u00e1ria seria vacinada em setembro, at\u00e9 o dia 15, segundo Paes.\u00a0A Ag\u00eancia Nacional de Vigil\u00e2ncia Sanit\u00e1ria (Anvisa) autorizou na \u00faltima semana a aplica\u00e7\u00e3o da vacina da Pfizer contra a Covid-19 para maiores de 12 anos.<\/p>\n\n\n\n<p>De acordo com a prefeitura, o novo calend\u00e1rio foi elaborado a partir da entrega de novas levas da vacina. \u201cMuita gente perguntou se conseguir\u00edamos cumprir o primeiro, mas era um calend\u00e1rio conservador\u201d, disse o prefeito, que se vacinou nesta quinta (17) com a vacina da Fiocruz\/Astrazeneca.<\/p>\n\n\n\n<p>Gestantes e pu\u00e9rperas podem se vacinar contra a Covid-19\u00a0 com imunizantes da Pfizer ou da CoronaVac, por determina\u00e7\u00e3o do Minist\u00e9rio da Sa\u00fade, na pr\u00f3xima semana, de segunda (21) a s\u00e1bado (26).<\/p>\n\n\n\n<p>Nesta quinta (17), o Rio tamb\u00e9m atingiu a marca de 50% da popula\u00e7\u00e3o acima de 18 anos vacinada com ao menos uma dose da vacina contra o novo coronav\u00edrus. Segundo o painel da prefeitura do Rio, mais de 2,6 milh\u00f5es de pessoas j\u00e1 foram vacinadas e 18,4%\u00a0 j\u00e1 completaram o ciclo das duas doses das vacinas.<\/p>\n\n\n\n<figure class=\"wp-block-image size-large\"><img loading=\"lazy\" decoding=\"async\" width=\"680\" height=\"453\" src=\"https:\/\/maricatotal.com.br\/site\/wp-content\/uploads\/2021\/06\/B151DAAB-FA8A-4784-B4BB-6E93CB57F49A.jpeg\" alt=\"\" class=\"wp-image-25311\" srcset=\"https:\/\/maricatotal.com.br\/site\/wp-content\/uploads\/2021\/06\/B151DAAB-FA8A-4784-B4BB-6E93CB57F49A.jpeg 680w, https:\/\/maricatotal.com.br\/site\/wp-content\/uploads\/2021\/06\/B151DAAB-FA8A-4784-B4BB-6E93CB57F49A-300x200.jpeg 300w\" sizes=\"auto, (max-width: 680px) 100vw, 680px\" \/><\/figure>\n","protected":false},"excerpt":{"rendered":"<p>Na manh\u00e3 desta sexta (18), ao lado do ministro da Sa\u00fade Marcelo Queiroga, o prefeito Eduardo Paes anunciou que vai\u00a0antecipar,<\/p>\n","protected":false},"author":1,"featured_media":25312,"comment_status":"open","ping_status":"open","sticky":false,"template":"","format":"standard","meta":{"colormag_page_container_layout":"default_layout","colormag_page_sidebar_layout":"default_layout","footnotes":""},"categories":[17],"tags":[],"class_list":["post-25310","post","type-post","status-publish","format-standard","has-post-thumbnail","hentry","category-politica"],"amp_enabled":true,"_links":{"self":[{"href":"https:\/\/maricatotal.com.br\/site\/wp-json\/wp\/v2\/posts\/25310","targetHints":{"allow":["GET"]}}],"collection":[{"href":"https:\/\/maricatotal.com.br\/site\/wp-json\/wp\/v2\/posts"}],"about":[{"href":"https:\/\/maricatotal.com.br\/site\/wp-json\/wp\/v2\/types\/post"}],"author":[{"embeddable":true,"href":"https:\/\/maricatotal.com.br\/site\/wp-json\/wp\/v2\/users\/1"}],"replies":[{"embeddable":true,"href":"https:\/\/maricatotal.com.br\/site\/wp-json\/wp\/v2\/comments?post=25310"}],"version-history":[{"count":1,"href":"https:\/\/maricatotal.com.br\/site\/wp-json\/wp\/v2\/posts\/25310\/revisions"}],"predecessor-version":[{"id":25313,"href":"https:\/\/maricatotal.com.br\/site\/wp-json\/wp\/v2\/posts\/25310\/revisions\/25313"}],"wp:featuredmedia":[{"embeddable":true,"href":"https:\/\/maricatotal.com.br\/site\/wp-json\/wp\/v2\/media\/25312"}],"wp:attachment":[{"href":"https:\/\/maricatotal.com.br\/site\/wp-json\/wp\/v2\/media?parent=25310"}],"wp:term":[{"taxonomy":"category","embeddable":true,"href":"https:\/\/maricatotal.com.br\/site\/wp-json\/wp\/v2\/categories?post=25310"},{"taxonomy":"post_tag","embeddable":true,"href":"https:\/\/maricatotal.com.br\/site\/wp-json\/wp\/v2\/tags?post=25310"}],"curies":[{"name":"wp","href":"https:\/\/api.w.org\/{rel}","templated":true}]}}