{"id":25320,"date":"2021-06-18T11:45:07","date_gmt":"2021-06-18T14:45:07","guid":{"rendered":"https:\/\/maricatotal.com.br\/site\/?p=25320"},"modified":"2021-06-18T11:45:08","modified_gmt":"2021-06-18T14:45:08","slug":"morte-de-jornalista-romario-barros-completa-dois-anos-nesta-sexta-feira","status":"publish","type":"post","link":"https:\/\/maricatotal.com.br\/site\/2021\/06\/18\/morte-de-jornalista-romario-barros-completa-dois-anos-nesta-sexta-feira\/","title":{"rendered":"Morte de jornalista Rom\u00e1rio Barros completa dois anos nesta sexta-feira"},"content":{"rendered":"\n<p>A morte do jornalista Rom\u00e1rio Barros completa dois anos nesta sexta-feira, 18. Rom\u00e1rio foi fundador do tradicional site de not\u00edcias Lei Seca Maric\u00e1.<\/p>\n\n\n\n<p>O jornalista foi assassinado no dia 18 de junho de 2019, na Orla de Ara\u00e7atiba quando voltava de uma caminhada. Rom\u00e1rio foi alvejado por tiros dentro do seu carro. O caso segue em investiga\u00e7\u00e3o pela Divis\u00e3o de homic\u00eddios.<\/p>\n\n\n\n<p>Mesmo ap\u00f3s dois anos, a morte de Rom\u00e1rio Barros ainda \u00e9 sentida na cidade que tem muita saudade do seu jornalismo irreverente. Nas redes sociais, mensagens e depoimentos de f\u00e3s, amigos e familiares fazem Rom\u00e1rio permanecer lembrado de uma forma carinhosa e emocionante. <\/p>\n","protected":false},"excerpt":{"rendered":"<p>A morte do jornalista Rom\u00e1rio Barros completa dois anos nesta sexta-feira, 18. Rom\u00e1rio foi fundador do tradicional site de not\u00edcias<\/p>\n","protected":false},"author":1,"featured_media":25322,"comment_status":"open","ping_status":"open","sticky":false,"template":"","format":"standard","meta":{"colormag_page_container_layout":"default_layout","colormag_page_sidebar_layout":"default_layout","footnotes":""},"categories":[14,1],"tags":[],"class_list":["post-25320","post","type-post","status-publish","format-standard","has-post-thumbnail","hentry","category-bairros","category-noticias"],"amp_enabled":true,"_links":{"self":[{"href":"https:\/\/maricatotal.com.br\/site\/wp-json\/wp\/v2\/posts\/25320","targetHints":{"allow":["GET"]}}],"collection":[{"href":"https:\/\/maricatotal.com.br\/site\/wp-json\/wp\/v2\/posts"}],"about":[{"href":"https:\/\/maricatotal.com.br\/site\/wp-json\/wp\/v2\/types\/post"}],"author":[{"embeddable":true,"href":"https:\/\/maricatotal.com.br\/site\/wp-json\/wp\/v2\/users\/1"}],"replies":[{"embeddable":true,"href":"https:\/\/maricatotal.com.br\/site\/wp-json\/wp\/v2\/comments?post=25320"}],"version-history":[{"count":1,"href":"https:\/\/maricatotal.com.br\/site\/wp-json\/wp\/v2\/posts\/25320\/revisions"}],"predecessor-version":[{"id":25321,"href":"https:\/\/maricatotal.com.br\/site\/wp-json\/wp\/v2\/posts\/25320\/revisions\/25321"}],"wp:featuredmedia":[{"embeddable":true,"href":"https:\/\/maricatotal.com.br\/site\/wp-json\/wp\/v2\/media\/25322"}],"wp:attachment":[{"href":"https:\/\/maricatotal.com.br\/site\/wp-json\/wp\/v2\/media?parent=25320"}],"wp:term":[{"taxonomy":"category","embeddable":true,"href":"https:\/\/maricatotal.com.br\/site\/wp-json\/wp\/v2\/categories?post=25320"},{"taxonomy":"post_tag","embeddable":true,"href":"https:\/\/maricatotal.com.br\/site\/wp-json\/wp\/v2\/tags?post=25320"}],"curies":[{"name":"wp","href":"https:\/\/api.w.org\/{rel}","templated":true}]}}