{"id":25422,"date":"2021-06-22T07:09:18","date_gmt":"2021-06-22T10:09:18","guid":{"rendered":"https:\/\/maricatotal.com.br\/site\/?p=25422"},"modified":"2021-06-22T07:09:19","modified_gmt":"2021-06-22T10:09:19","slug":"saude-inova-com-profissionais-de-farmacia-clinica-na-linha-de-frente","status":"publish","type":"post","link":"https:\/\/maricatotal.com.br\/site\/2021\/06\/22\/saude-inova-com-profissionais-de-farmacia-clinica-na-linha-de-frente\/","title":{"rendered":"Sa\u00fade inova com profissionais de farm\u00e1cia cl\u00ednica na linha de frente"},"content":{"rendered":"\n<p>A Prefeitura, atrav\u00e9s da Secretaria de Sa\u00fade de Maric\u00e1 implantou uma equipe de farmac\u00eauticos cl\u00ednicos no Hospital Municipal Dr. Ernesto Che Guevara, estrat\u00e9gia em assist\u00eancia ao paciente oferecida, em grande maioria, apenas pelas redes particulares de Sa\u00fade. Os profissionais fazem parte da equipe multi e atuam como mais uma barreira de seguran\u00e7a para o usu\u00e1rio, garantindo que o uso do medicamento ainda mais seja seguro, apropriado e eficaz.<\/p>\n\n\n\n<p>A equipe come\u00e7ou com apenas um profissional, cujo reconhecimento foi crescendo e permitindo com que hoje sejam seis plantonistas e um coordenador. A estrat\u00e9gia est\u00e1 em projeto para implementa\u00e7\u00e3o tamb\u00e9m no Hospital Municipal Conde Modesto Leal.<\/p>\n\n\n\n<p>Segundo a secret\u00e1ria de Sa\u00fade do munic\u00edpio, Simone Costa, a pandemia da Covid-19 levou os profissionais a ampliarem seus conhecimentos.<\/p>\n\n\n\n<p>\u201cDurante a pandemia, a equipe multiprofissional amplia seus esfor\u00e7os com os conhecimentos t\u00e9cnicos desta categoria, principalmente devido ao grande desafio enfrentado no Brasil pela escassez de medicamentos importantes e usados de forma corriqueira em uma unidade hospitalar. Esse profissional especializado sugere as melhores alternativas terap\u00eauticas para continuidade do tratamento proposto\u201d, explicou.<\/p>\n\n\n\n<p>Segundo a Sociedade Americana de Farmac\u00eauticos Hospitalares (ASHP), a Farm\u00e1cia Cl\u00ednica pode ser definida como a ci\u00eancia da sa\u00fade cuja responsabilidade \u00e9 assegurar, mediante a aplica\u00e7\u00e3o de conhecimentos e fun\u00e7\u00f5es relacionadas ao cuidado dos pacientes, que o uso de medicamentos seja seguro e apropriado; necessita, portanto, de educa\u00e7\u00e3o especializada e treinamento estruturado, al\u00e9m da coleta e interpreta\u00e7\u00e3o de dados, da motiva\u00e7\u00e3o pelo paciente e de intera\u00e7\u00f5es multiprofissionais.<\/p>\n\n\n\n<p>\u201cAs atividades da Farm\u00e1cia Cl\u00ednica contribuem detectando antecipadamente poss\u00edveis erros relacionados aos medicamentos, realizando a\u00e7\u00f5es de preven\u00e7\u00e3o, evitando de fato o uso inadequado do medicamento. Dentre os mais comuns destacam-se: dose errada, frequ\u00eancia de administra\u00e7\u00e3o errada, via de administra\u00e7\u00e3o errada, hor\u00e1rio de administra\u00e7\u00e3o errado, dura\u00e7\u00e3o de tratamento errado, medicamento deteriorado, dilui\u00e7\u00e3o errada, monitoriza\u00e7\u00e3o insuficiente do tratamento entre muitos outros\u201d, comenta o plantonista da Farm\u00e1cia Cl\u00ednica do Hospital Municipal Dr. Ernesto Che Guevara, Darlan Barbosa da Silva.<\/p>\n\n\n\n<p>A paciente C\u00e9lia Maria Rosa Malaquias, de 57 anos, come\u00e7ou a sentir febre no domingo, dia 6 de junho. Esteve na tenda de atendimento Covid-19 no Centro de Maric\u00e1, fez o exame swab, deu positivo, sua febre n\u00e3o passou e foi encaminhada para o Conde na sexta, dia 11. No s\u00e1bado, chegou ao Che Guevara.<\/p>\n\n\n\n<p>\u201cTrabalho em Camboinhas, Niter\u00f3i. Eu e meu patr\u00e3o abrimos uma caixa na semana anterior \u00e0 eu come\u00e7ar a me sentir mal. N\u00f3s dois pegamos Covid provavelmente por essa caixa que chegou. Minha febre era de 39\u00b0 e os sintomas vieram do nada. Eu estava me sentindo muito bem no dia anterior. Eu levei um susto. Nem imaginava que ia passar por isso. Me sinto melhor porque est\u00e3o cuidando muito bem de mim. Os profissionais daqui est\u00e3o de parab\u00e9ns. Adoro fazer a liga\u00e7\u00e3o de v\u00eddeo\u201d, comenta dona C\u00e9lia, moradora de Bambu\u00ed, Maric\u00e1, que conversa por videoconfer\u00eancia diariamente com sua filha Karine Helena Rosa Malaquias e as quatro netas.<\/p>\n\n\n\n<p>O farmac\u00eautico cl\u00ednico explica que um dos maiores problemas da paciente tem sido a press\u00e3o. \u201cEla tinha picos de hipertens\u00e3o arterial e n\u00e3o fazia uso de medicamentos em casa. Explicamos a import\u00e2ncia de tomar a medica\u00e7\u00e3o de forma cont\u00ednua, e n\u00e3o apenas quando tem uma piora, se n\u00e3o sobrecarrega o cora\u00e7\u00e3o, o c\u00e9rebro, altera o calibre das veias. Os medicamentos controlam e impedem um infarto, por exemplo. A hipertens\u00e3o pode ser um fator gen\u00e9tico, mas tamb\u00e9m tem rela\u00e7\u00e3o com o estilo de vida da pessoa\u201d, enaltece Darlan.<\/p>\n\n\n\n<p>A pr\u00e1tica em farm\u00e1cia cl\u00ednica pode ser desenvolvida em hospitais, ambulat\u00f3rios, unidades de Aten\u00e7\u00e3o Prim\u00e1ria \u00e0 Sa\u00fade, farm\u00e1cias comunit\u00e1rias, institui\u00e7\u00e3o de longa perman\u00eancia e domic\u00edlios, consult\u00f3rios farmac\u00eauticos, entre outros.<\/p>\n\n\n\n<p>\u201cO farmac\u00eautico cl\u00ednico conta com a parceria da equipe de enfermagem, promovendo a pr\u00e1tica segura no uso de medicamentos, informando a presen\u00e7a de alguma rea\u00e7\u00e3o adversa e se os medicamentos est\u00e3o apropriados para uso, pois o profissional de enfermagem dentre outras fun\u00e7\u00f5es, realiza a administra\u00e7\u00e3o dos medicamentos\u201d, ressalta a diretora de Enfermagem do Che, Paula Silva, lembrando que o olhar diferenciado dos gestores da Sa\u00fade Maric\u00e1 proporciona que as equipes sejam mais estruturadas.<\/p>\n\n\n\n<p>Com rela\u00e7\u00e3o \u00e0 integra\u00e7\u00e3o ao corpo m\u00e9dico, a m\u00e9dica rotina do Che Danielle Faver, avalia que a orienta\u00e7\u00e3o destes profissionais de sa\u00fade voltada para cl\u00ednica do paciente e suas necessidades melhorou muito o atendimento que, al\u00e9m de racionalizar a utiliza\u00e7\u00e3o de medicamentos, tamb\u00e9m \u00e9 capaz de promover prote\u00e7\u00e3o, preven\u00e7\u00e3o de agravos e incidentes e apoio \u00e0 sa\u00fade.<\/p>\n\n\n\n<p>\u201cEste importante aux\u00edlio ao tratamento m\u00e9dico, leva a um atendimento cada vez mais individualizado e direcionado caso a caso, agilizando a recupera\u00e7\u00e3o. A farm\u00e1cia cl\u00ednica \u00e9 uma ferramenta essencial para que os princ\u00edpios fundamentais do SUS sejam sempre o norte de nosso cuidado e tratamento para com nossos pacientes\u201d, afirma Danielle.<\/p>\n","protected":false},"excerpt":{"rendered":"<p>A Prefeitura, atrav\u00e9s da Secretaria de Sa\u00fade de Maric\u00e1 implantou uma equipe de farmac\u00eauticos cl\u00ednicos no Hospital Municipal Dr. Ernesto<\/p>\n","protected":false},"author":1,"featured_media":25423,"comment_status":"open","ping_status":"open","sticky":false,"template":"","format":"standard","meta":{"colormag_page_container_layout":"default_layout","colormag_page_sidebar_layout":"default_layout","footnotes":""},"categories":[18],"tags":[],"class_list":["post-25422","post","type-post","status-publish","format-standard","has-post-thumbnail","hentry","category-entretenimento"],"amp_enabled":true,"_links":{"self":[{"href":"https:\/\/maricatotal.com.br\/site\/wp-json\/wp\/v2\/posts\/25422","targetHints":{"allow":["GET"]}}],"collection":[{"href":"https:\/\/maricatotal.com.br\/site\/wp-json\/wp\/v2\/posts"}],"about":[{"href":"https:\/\/maricatotal.com.br\/site\/wp-json\/wp\/v2\/types\/post"}],"author":[{"embeddable":true,"href":"https:\/\/maricatotal.com.br\/site\/wp-json\/wp\/v2\/users\/1"}],"replies":[{"embeddable":true,"href":"https:\/\/maricatotal.com.br\/site\/wp-json\/wp\/v2\/comments?post=25422"}],"version-history":[{"count":1,"href":"https:\/\/maricatotal.com.br\/site\/wp-json\/wp\/v2\/posts\/25422\/revisions"}],"predecessor-version":[{"id":25424,"href":"https:\/\/maricatotal.com.br\/site\/wp-json\/wp\/v2\/posts\/25422\/revisions\/25424"}],"wp:featuredmedia":[{"embeddable":true,"href":"https:\/\/maricatotal.com.br\/site\/wp-json\/wp\/v2\/media\/25423"}],"wp:attachment":[{"href":"https:\/\/maricatotal.com.br\/site\/wp-json\/wp\/v2\/media?parent=25422"}],"wp:term":[{"taxonomy":"category","embeddable":true,"href":"https:\/\/maricatotal.com.br\/site\/wp-json\/wp\/v2\/categories?post=25422"},{"taxonomy":"post_tag","embeddable":true,"href":"https:\/\/maricatotal.com.br\/site\/wp-json\/wp\/v2\/tags?post=25422"}],"curies":[{"name":"wp","href":"https:\/\/api.w.org\/{rel}","templated":true}]}}